{"id":19771,"date":"2020-12-11T09:32:28","date_gmt":"2020-12-11T09:32:28","guid":{"rendered":"https:\/\/www.centreon.com\/les-environnements-de-travail-post-covid-19-exigeront-des-outils-it-de-nouvelle-generation\/"},"modified":"2020-12-11T09:32:39","modified_gmt":"2020-12-11T09:32:39","slug":"les-environnements-de-travail-post-covid-19-exigeront-des-outils-it-de-nouvelle-generation","status":"publish","type":"post","link":"https:\/\/www.centreon.com\/fr\/les-environnements-de-travail-post-covid-19-exigeront-des-outils-it-de-nouvelle-generation\/","title":{"rendered":"Les environnements de travail post-COVID-19 exigeront des outils IT de nouvelle g\u00e9n\u00e9ration"},"content":{"rendered":"<p><span style=\"font-weight: 400;\">Nous en avons (presque) fini avec 2020. Nous nous en souviendrons (bient\u00f4t) comme l\u2019ann\u00e9e de la pand\u00e9mie, mais surtout comme l\u2019ann\u00e9e de l&rsquo;acc\u00e9l\u00e9ration de la transformation des SI orient\u00e9s utilisateurs et clients. Les ITOps se souviendront \u00e9galement de 2020 comme l&rsquo;ann\u00e9e o\u00f9 ils <\/span><a href=\"https:\/\/www.centreon.com\/evaluez-la-maturite-de-votre-supervision-informatique-blog\/\" target=\"_blank\" rel=\"noopener noreferrer\"><span style=\"font-weight: 400;\">ont eu besoin d\u2019ajuster leurs pratiques pour mettre en op\u00e9rations une bo\u00eete \u00e0 outils num\u00e9rique plus intelligente<\/span><\/a><span style=\"font-weight: 400;\">, indispensable pour faire face \u00e0 la r\u00e9alit\u00e9 (post-)pand\u00e9mique. L&rsquo;\u00e9volution du digital workplace et l\u2019acc\u00e9l\u00e9ration de l\u2019\u00e9conomie sans contact impliquent de nombreux changements, avec pour les ITOps, une nouvelle fa\u00e7on de travailler en 2021. Cet article traite du digital workplace post-COVID-19 et de la mani\u00e8re dont les ITOps s&rsquo;adapteront pour en assurer la supervision, <\/span><a href=\"https:\/\/www.centreon.com\/evaluez-la-maturite-de-votre-supervision-informatique-blog\/\" target=\"_blank\" rel=\"noopener noreferrer\"><span style=\"font-weight: 400;\">en s&rsquo;appuyant sur la maturit\u00e9 de leur solution de supervision IT.<\/span><\/a><\/p>\n<h2><span style=\"\"><b>Digital workplace\u00a0: la nouvelle marque des entreprises\u00a0\u00a0<\/b><\/span><\/h2>\n<p><span style=\"font-weight: 400;\">La premi\u00e8re chose \u00e0 admettre : 2021 ne sera pas l\u2019ann\u00e9e du retour \u00e0 la normale. Ce sera l&rsquo;ann\u00e9e o\u00f9 nous apprendrons \u00e0 g\u00e9rer les effets \u00e0 long terme et potentiellement irr\u00e9versibles de la pand\u00e9mie du COVID-19. Les tendances qui ont \u00e9merg\u00e9 dans les premiers mois de <\/span><a href=\"https:\/\/www.centreon.com\/fr-ebook-post-covid-19-recovery-blog\/\" target=\"_blank\" rel=\"noopener noreferrer\"><span style=\"font-weight: 400;\">la crise du COVID-19<\/span><\/a><span style=\"font-weight: 400;\"> se cristallisent, remodelant la culture du lieu de travail et des pratiques.\u00a0\u00a0<\/span><\/p>\n<h3><b>Voici comment les collaborateurs travailleront en 2021<\/b><\/h3>\n<table>\n<tbody>\n<tr>\n<td><b>AVANT<\/b><\/td>\n<td><b>APR\u00c8S<\/b><\/td>\n<\/tr>\n<tr>\n<td><span style=\"font-weight: 400;\">De 9h \u00e0 17h<\/span><\/td>\n<td><span style=\"font-weight: 400;\">\u00c0 tout moment<\/span><\/td>\n<\/tr>\n<tr>\n<td><span style=\"font-weight: 400;\">Au bureau<\/span><\/td>\n<td><span style=\"font-weight: 400;\">Partout<\/span><\/td>\n<\/tr>\n<tr>\n<td><span style=\"font-weight: 400;\">Via les e-mails<\/span><\/td>\n<td><span style=\"font-weight: 400;\">Via des plateformes collaboratives<\/span><\/td>\n<\/tr>\n<tr>\n<td><span style=\"font-weight: 400;\">Ax\u00e9s sur la mission<\/span><\/td>\n<td><span style=\"font-weight: 400;\">Ax\u00e9s sur les r\u00e9sultats<\/span><\/td>\n<\/tr>\n<tr>\n<td><span style=\"font-weight: 400;\">Sur un ordinateur fixe au bureau<\/span><\/td>\n<td><span style=\"font-weight: 400;\">Sur tout type de terminal (portable, tablette\u2026)<\/span><\/td>\n<\/tr>\n<tr>\n<td><span style=\"font-weight: 400;\">Avec des donn\u00e9es en silos\u00a0<\/span><\/td>\n<td><span style=\"font-weight: 400;\">Avec des donn\u00e9es partout<\/span><\/td>\n<\/tr>\n<\/tbody>\n<\/table>\n<blockquote><p><span style=\"font-weight: 400;\">Le credo de l&rsquo;entreprise num\u00e9rique en 2021 : permettre \u00e0 l&rsquo;utilisateur d&rsquo;acc\u00e9der aux donn\u00e9es de l\u2019entreprise o\u00f9 qu\u2019il soit et de b\u00e9n\u00e9ficier d\u2019un service rapide 24 heures sur 24, 7 jours sur 7. Ce n\u2019est pas une surprise si, rien qu&rsquo;en Am\u00e9rique du Nord, 74 % des organisations recruteront pour renforcer leur \u00e9quipe I&amp;O au cours de l&rsquo;ann\u00e9e prochaine, et si une entreprise sur deux dans le monde augmentera son budget informatique.*<\/span><\/p><\/blockquote>\n<h2><span style=\"\"><b>Cette nouvelle culture du digital workplace fait \u00e9merger une nouvelle culture ITOps<\/b><\/span><\/h2>\n<h3><b>Voici comment les ITOps travailleront en 2021<\/b><\/h3>\n<table>\n<tbody>\n<tr>\n<td><b>AVANT<\/b><\/td>\n<td><b>APR\u00c8S<\/b><\/td>\n<\/tr>\n<tr>\n<td><span style=\"font-weight: 400;\">Supervision des \u00e9quipements<\/span><\/td>\n<td><span style=\"font-weight: 400;\">Supervision des exp\u00e9riences<\/span><\/td>\n<\/tr>\n<tr>\n<td><span style=\"font-weight: 400;\">Supervision d\u2019une infrastructure<\/span><\/td>\n<td><span style=\"font-weight: 400;\">Supervision de r\u00e9seaux interconnect\u00e9s<\/span><\/td>\n<\/tr>\n<tr>\n<td><span style=\"font-weight: 400;\">Travail sur ses propres outils<\/span><\/td>\n<td><span style=\"font-weight: 400;\">Construction d\u2019une plateforme partag\u00e9e<\/span><\/td>\n<\/tr>\n<tr>\n<td><span style=\"font-weight: 400;\">Ax\u00e9s sur la mission<\/span><\/td>\n<td><span style=\"font-weight: 400;\">Ax\u00e9s sur les r\u00e9sultats<\/span><\/td>\n<\/tr>\n<tr>\n<td><span style=\"font-weight: 400;\">KPIs IT uniquement<\/span><\/td>\n<td><span style=\"font-weight: 400;\">KPIs IT et m\u00e9tiers<\/span><\/td>\n<\/tr>\n<tr>\n<td><span style=\"font-weight: 400;\">Reporter aux Responsables IT<\/span><\/td>\n<td><span style=\"font-weight: 400;\">Reporter aux Responsables IT et m\u00e9tiers<\/span><\/td>\n<\/tr>\n<tr>\n<td colspan=\"2\"><span style=\"font-weight: 400;\">L\u2019\u00e9volution de votre culture de travail inclut-elle la supervision IT\u00a0? <\/span><a href=\"https:\/\/www.centreon.com\/evaluez-la-maturite-de-votre-supervision-informatique-blog\/\" target=\"_blank\" rel=\"noopener noreferrer\"><span style=\"font-weight: 400;\">Mesurez la maturit\u00e9 de votre organisation en moins de 3\u00a0minutes.<\/span><\/a><\/td>\n<\/tr>\n<\/tbody>\n<\/table>\n<h3><b>8\u00a0pratiques plus intelligentes que les\u00a0 ITOps adopteront en 2021<\/b><\/h3>\n<p><b>1. Se concentrer sur l\u2019am\u00e9lioration des exp\u00e9riences clients et des processus m\u00e9tiers<\/b><span style=\"font-weight: 400;\"> gr\u00e2ce \u00e0 une supervision transparente de bout en bout des diverses applications on-premise dans le Cloud et jusqu\u2019\u00e0 l\u2019Edge.<\/span><\/p>\n<p><b>2. S\u2019engager \u00e0 optimiser les co\u00fbts &#8211; \u00e0 investir dans des outils plus rentables. <\/b><span style=\"font-weight: 400;\">En moyenne, 14\u00a0outils de supervision* sont utilis\u00e9s pour superviser les middlewares et les applications et les workflows, du Cloud jusqu\u2019\u00e0 l\u2019Edge. Plus il y a d&rsquo;outils, plus les processus sont lourds, et les co\u00fbts \u00e9lev\u00e9s, sans parler des silos contre-productifs. Les ITOps travailleront d\u00e9sormais avec des outils modulaires, adaptables \u00e0 leurs besoins et ne paieront que ce qu&rsquo;ils utiliseront. <\/span><a href=\"https:\/\/www.centreon.com\/blog\/7-signes-quil-est-temps-doptimiser-vos-investissements-en-supervision-informatique\/\" target=\"_blank\" rel=\"noopener noreferrer\"><span style=\"font-weight: 400;\">Les budgets seront adapt\u00e9s aux besoins en temps r\u00e9el<\/span><\/a><span style=\"font-weight: 400;\">.<\/span><\/p>\n<p><b>3. B\u00e9n\u00e9ficier d&rsquo;une plus grande agilit\u00e9 et d&rsquo;un meilleur contr\u00f4le<\/b><span style=\"font-weight: 400;\">. A l&rsquo;heure des environnements hautement dynamiques et des workflows \u00e9ph\u00e9m\u00e8res, on observe des fluctuations constantes d&rsquo;\u00e9l\u00e9ments de r\u00e9seaux d\u00e9finis par logiciel (SDN), des cloud AWS ou Azure, des points d&rsquo;acc\u00e8s Wi-Fi ou de tout autre composant de ce type dont il faut assurer le suivi, ce qui n\u00e9cessite de solides capacit\u00e9s d&rsquo;automatisation. En 2021, avec le bon ensemble d&rsquo;outils, les ITOps seront en mesure d&rsquo;automatiser les t\u00e2ches r\u00e9p\u00e9titives ou n\u00e9cessitant beaucoup de ressources.<\/span><\/p>\n<p><b>4. Comprendre comment l&rsquo;IT soutient les processus m\u00e9tiers.<\/b><span style=\"font-weight: 400;\"> La gestion de couches complexes d&rsquo;infrastructures legacy et modernes n\u00e9cessite des outils tr\u00e8s visuels qui vont bien au-del\u00e0 de la gestion des alertes dans une feuille de calcul. <\/span><a href=\"https:\/\/www.centreon.com\/user-experience-monitoring-driving-business-performance\/\" target=\"_blank\" rel=\"noopener noreferrer\"><span style=\"font-weight: 400;\">En ayant recours \u00e0 une plateforme centr\u00e9e m\u00e9tier et utilisateur<\/span><\/a><span style=\"font-weight: 400;\">, les ITOps comprendront et valoriseront comment les diff\u00e9rents composants IT contribuent au Business et la performance de l\u2019entreprise,\u00a0 \u00e0 l\u2019aide de cockpits temps r\u00e9el et visuels.<\/span><\/p>\n<p><b>5. Pallier les failles de technologies hybrides bas\u00e9es sur un mix d\u2019ancien et de nouveau.<\/b><span style=\"font-weight: 400;\"> Les SI sont constamment invent\u00e9s et r\u00e9invent\u00e9s au rythme de l\u2019innovation, de la recherche de rentabilit\u00e9, et des pr\u00e9-requis de rapidit\u00e9 et d\u2019agilit\u00e9. Pour assurer le maintien d\u2019un patchwork d&rsquo;anciennes et de nouvelles technologies tout en pr\u00e9parant la prochaine \u00e9tape de la transformation num\u00e9rique, les ITOps b\u00e9n\u00e9ficieront <\/span><a href=\"https:\/\/www.centreon.com\/catalogue-plugins-packs\/\" target=\"_blank\" rel=\"noopener noreferrer\"><span style=\"font-weight: 400;\">d\u2019outils flexibles, modulaires et ouverts<\/span><\/a><span style=\"font-weight: 400;\"> afin d&rsquo;int\u00e9grer l&rsquo;ensemble de leur parc informatique dans une plateforme de supervision collaborative, depuis le legacy jusqu&rsquo;\u00e0 la technologie qu&rsquo;ils adopteront plus tard dans l\u2019ann\u00e9e.<\/span><\/p>\n<p><b>6. Parvenir \u00e0 traiter et exploiter tous les types de donn\u00e9es.<\/b><span style=\"font-weight: 400;\"> Aujourd&rsquo;hui, l&rsquo;entreprise num\u00e9rique op\u00e8re dans le Cloud, \u00e0 l\u2019Edge et partout entre les deux, connectant les personnes, les processus et les objets pour optimiser l&rsquo;exp\u00e9rience client. Les ITOps seront capables de mesurer les KPIs et de suivre les SLAs, en recueillant une grande diversit\u00e9 de donn\u00e9es pouvant \u00eatre contextualis\u00e9es et transform\u00e9es en information d\u2019aide \u00e0 la d\u00e9cision.<\/span><\/p>\n<p><b>7. Analyser le contexte, et plus seulement les \u00e9v\u00e9nements.<\/b><span style=\"font-weight: 400;\"> A l\u2019heure des environnements IT bas\u00e9s sur des syst\u00e8mes interconnect\u00e9s, les ITOps ne se contenteront plus de reconna\u00eetre les \u00e9v\u00e9nements et de corriger les probl\u00e8mes. Ils analyseront les causes d\u2019incidents, en traitant sans effort une diversit\u00e9 de donn\u00e9es de diff\u00e9rents contextes pouvant \u00eatre corr\u00e9l\u00e9es aux principaux KPIs de l&rsquo;entreprise. Cela permettra \u00e0 l&rsquo;entreprise d&rsquo;optimiser constamment le r\u00e9seau et d\u2019orienter\u00a0 d\u00e9cisions et investissements technologiques.<\/span><\/p>\n<p><b>8. Explorer le potentiel de l\u2019IA<\/b><span style=\"font-weight: 400;\"> pour faciliter les op\u00e9rations informatiques. Dans un contexte de digital workplace, <\/span><a href=\"https:\/\/www.centreon.com\/aiops-building-the-future-now\/\" target=\"_blank\" rel=\"noopener noreferrer\"><span style=\"font-weight: 400;\">les AIOps vont devenir incontournables<\/span><\/a><span style=\"font-weight: 400;\"> pour exploiter des infrastructures informatiques. Les ITOps disposeront d&rsquo;une feuille de route claire pour augmenter les performances humaines, en faisant des choix technologiques \u00e9volutifs d\u00e8s les premiers jours de 2021.<\/span><\/p>\n<h2><span style=\"\"><b>Les ITOps m\u00e9ritent une meilleure exp\u00e9rience de travail pour la nouvelle ann\u00e9e<\/b><\/span><\/h2>\n<p><span style=\"font-weight: 400;\">Les performances IT et m\u00e9tiers d\u00e9pendent des performances humaines. Les \u00e9quipes d&rsquo;exploitation informatique sont plus performantes lorsqu&rsquo;elles disposent de donn\u00e9es pr\u00e9cises et \u00e0 jour \u00e0 port\u00e9e de main, lorsqu&rsquo;elles peuvent garder un \u0153il sur les \u00e9v\u00e9nements depuis leur t\u00e9l\u00e9phone portable autant que sur le plus grand \u00e9cran de leur centre de services, et surtout, lorsqu&rsquo;elles peuvent partager et collaborer sur des objectifs communs, quelles que soient la localisation ou les \u00e9quipes m\u00e9tiers.<\/span><\/p>\n<p><span style=\"font-weight: 400;\">R\u00e9ussir ce changement culturel impliquera de disposer d&rsquo;outils de supervision informatique plus performants d&rsquo;ici 2021.<\/span> <a href=\"https:\/\/www.centreon.com\/en\/self-assessment-tool-benchmark-your-capabilities-blog\/\" target=\"_blank\" rel=\"noopener noreferrer\"><span style=\"font-weight: 400;\">\u00c9valuez la<\/span><\/a> <a href=\"https:\/\/www.centreon.com\/evaluez-la-maturite-de-votre-supervision-informatique-blog\/\"><span style=\"font-weight: 400;\">maturit\u00e9 de votre solution de supervision IT <\/span><\/a><span style=\"font-weight: 400;\">\u00a0et demandez-nous comment nous pouvons vous aider \u00e0 g\u00e9rer de mani\u00e8re experte votre digital workplace en 2021 et par la suite.\u00a0<\/span><\/p>\n<p><a href=\"https:\/\/www.centreon.com\/barometre-de-la-supervision-it-etats-des-lieux-tendances-et-enjeux-blog\/\" target=\"_blank\" rel=\"noopener noreferrer\"><span style=\"font-weight: 400;\">*Barom\u00e8tre de la supervision IT &#8211; Centreon<\/span><\/a><\/p>\n","protected":false},"excerpt":{"rendered":"<p>Nous en avons (presque) fini avec 2020. Nous nous en souviendrons (bient\u00f4t) comme l\u2019ann\u00e9e de la pand\u00e9mie, mais surtout comme l\u2019ann\u00e9e de l&rsquo;acc\u00e9l\u00e9ration de la transformation des SI orient\u00e9s utilisateurs et clients. Les ITOps se&nbsp;&#8230;<\/p>\n","protected":false},"author":1,"featured_media":5467,"comment_status":"closed","ping_status":"closed","sticky":false,"template":"","format":"standard","meta":{"_acf_changed":false,"footnotes":""},"post-type":[95],"theme":[1012],"class_list":["post-19771","post","type-post","status-publish","format-standard","has-post-thumbnail","hentry","post-type-bonnes-pratiques","theme-centreon-business-edition-fr"],"acf":[],"yoast_head":"<!-- This site is optimized with the Yoast SEO plugin v26.6 - https:\/\/yoast.com\/wordpress\/plugins\/seo\/ -->\n<title>Les environnements de travail post-COVID-19 exigeront des outils IT de nouvelle g\u00e9n\u00e9ration - Centreon<\/title>\n<meta name=\"robots\" content=\"index, follow, max-snippet:-1, max-image-preview:large, max-video-preview:-1\" \/>\n<link rel=\"canonical\" href=\"https:\/\/www.centreon.com\/fr\/les-environnements-de-travail-post-covid-19-exigeront-des-outils-it-de-nouvelle-generation\/\" \/>\n<meta property=\"og:locale\" content=\"fr_FR\" \/>\n<meta property=\"og:type\" content=\"article\" \/>\n<meta property=\"og:title\" content=\"Les environnements de travail post-COVID-19 exigeront des outils IT de nouvelle g\u00e9n\u00e9ration - Centreon\" \/>\n<meta property=\"og:description\" content=\"Nous en avons (presque) fini avec 2020. Nous nous en souviendrons (bient\u00f4t) comme l\u2019ann\u00e9e de la pand\u00e9mie, mais surtout comme l\u2019ann\u00e9e de l&rsquo;acc\u00e9l\u00e9ration de la transformation des SI orient\u00e9s utilisateurs et clients. Les ITOps se&nbsp;...\" \/>\n<meta property=\"og:url\" content=\"https:\/\/www.centreon.com\/fr\/les-environnements-de-travail-post-covid-19-exigeront-des-outils-it-de-nouvelle-generation\/\" \/>\n<meta property=\"og:site_name\" content=\"Centreon\" \/>\n<meta property=\"article:publisher\" content=\"https:\/\/www.facebook.com\/CentreonMonitoring\/\" \/>\n<meta property=\"article:published_time\" content=\"2020-12-11T09:32:28+00:00\" \/>\n<meta property=\"article:modified_time\" content=\"2020-12-11T09:32:39+00:00\" \/>\n<meta property=\"og:image\" content=\"https:\/\/www.centreon.com\/wp-content\/uploads\/2022\/10\/Centreon-SupervisionIT-PostCOVID19.jpg\" \/>\n\t<meta property=\"og:image:width\" content=\"1000\" \/>\n\t<meta property=\"og:image:height\" content=\"667\" \/>\n\t<meta property=\"og:image:type\" content=\"image\/jpeg\" \/>\n<meta name=\"author\" content=\"Thomas\" \/>\n<meta name=\"twitter:card\" content=\"summary_large_image\" \/>\n<meta name=\"twitter:creator\" content=\"@CentreonFR\" \/>\n<meta name=\"twitter:site\" content=\"@CentreonFR\" \/>\n<meta name=\"twitter:label1\" content=\"\u00c9crit par\" \/>\n\t<meta name=\"twitter:data1\" content=\"Thomas\" \/>\n\t<meta name=\"twitter:label2\" content=\"Dur\u00e9e de lecture estim\u00e9e\" \/>\n\t<meta name=\"twitter:data2\" content=\"6 minutes\" \/>\n<script type=\"application\/ld+json\" class=\"yoast-schema-graph\">{\"@context\":\"https:\/\/schema.org\",\"@graph\":[{\"@type\":\"Article\",\"@id\":\"https:\/\/www.centreon.com\/fr\/les-environnements-de-travail-post-covid-19-exigeront-des-outils-it-de-nouvelle-generation\/#article\",\"isPartOf\":{\"@id\":\"https:\/\/www.centreon.com\/fr\/les-environnements-de-travail-post-covid-19-exigeront-des-outils-it-de-nouvelle-generation\/\"},\"author\":{\"name\":\"Thomas\",\"@id\":\"https:\/\/www.centreon.com\/fr\/#\/schema\/person\/c5bd0f4e75adbd1ee75f5d1f8a7ff419\"},\"headline\":\"Les environnements de travail post-COVID-19 exigeront des outils IT de nouvelle g\u00e9n\u00e9ration\",\"datePublished\":\"2020-12-11T09:32:28+00:00\",\"dateModified\":\"2020-12-11T09:32:39+00:00\",\"mainEntityOfPage\":{\"@id\":\"https:\/\/www.centreon.com\/fr\/les-environnements-de-travail-post-covid-19-exigeront-des-outils-it-de-nouvelle-generation\/\"},\"wordCount\":1274,\"publisher\":{\"@id\":\"https:\/\/www.centreon.com\/fr\/#organization\"},\"image\":{\"@id\":\"https:\/\/www.centreon.com\/fr\/les-environnements-de-travail-post-covid-19-exigeront-des-outils-it-de-nouvelle-generation\/#primaryimage\"},\"thumbnailUrl\":\"https:\/\/www.centreon.com\/uploads\/2022\/10\/Centreon-SupervisionIT-PostCOVID19.jpg\",\"inLanguage\":\"fr-FR\"},{\"@type\":\"WebPage\",\"@id\":\"https:\/\/www.centreon.com\/fr\/les-environnements-de-travail-post-covid-19-exigeront-des-outils-it-de-nouvelle-generation\/\",\"url\":\"https:\/\/www.centreon.com\/fr\/les-environnements-de-travail-post-covid-19-exigeront-des-outils-it-de-nouvelle-generation\/\",\"name\":\"Les environnements de travail post-COVID-19 exigeront des outils IT de nouvelle g\u00e9n\u00e9ration - Centreon\",\"isPartOf\":{\"@id\":\"https:\/\/www.centreon.com\/fr\/#website\"},\"primaryImageOfPage\":{\"@id\":\"https:\/\/www.centreon.com\/fr\/les-environnements-de-travail-post-covid-19-exigeront-des-outils-it-de-nouvelle-generation\/#primaryimage\"},\"image\":{\"@id\":\"https:\/\/www.centreon.com\/fr\/les-environnements-de-travail-post-covid-19-exigeront-des-outils-it-de-nouvelle-generation\/#primaryimage\"},\"thumbnailUrl\":\"https:\/\/www.centreon.com\/uploads\/2022\/10\/Centreon-SupervisionIT-PostCOVID19.jpg\",\"datePublished\":\"2020-12-11T09:32:28+00:00\",\"dateModified\":\"2020-12-11T09:32:39+00:00\",\"breadcrumb\":{\"@id\":\"https:\/\/www.centreon.com\/fr\/les-environnements-de-travail-post-covid-19-exigeront-des-outils-it-de-nouvelle-generation\/#breadcrumb\"},\"inLanguage\":\"fr-FR\",\"potentialAction\":[{\"@type\":\"ReadAction\",\"target\":[\"https:\/\/www.centreon.com\/fr\/les-environnements-de-travail-post-covid-19-exigeront-des-outils-it-de-nouvelle-generation\/\"]}]},{\"@type\":\"ImageObject\",\"inLanguage\":\"fr-FR\",\"@id\":\"https:\/\/www.centreon.com\/fr\/les-environnements-de-travail-post-covid-19-exigeront-des-outils-it-de-nouvelle-generation\/#primaryimage\",\"url\":\"https:\/\/www.centreon.com\/uploads\/2022\/10\/Centreon-SupervisionIT-PostCOVID19.jpg\",\"contentUrl\":\"https:\/\/www.centreon.com\/uploads\/2022\/10\/Centreon-SupervisionIT-PostCOVID19.jpg\",\"width\":1000,\"height\":667},{\"@type\":\"BreadcrumbList\",\"@id\":\"https:\/\/www.centreon.com\/fr\/les-environnements-de-travail-post-covid-19-exigeront-des-outils-it-de-nouvelle-generation\/#breadcrumb\",\"itemListElement\":[{\"@type\":\"ListItem\",\"position\":1,\"name\":\"Home\",\"item\":\"https:\/\/www.centreon.com\/fr\/\"},{\"@type\":\"ListItem\",\"position\":2,\"name\":\"Les environnements de travail post-COVID-19 exigeront des outils IT de nouvelle g\u00e9n\u00e9ration\"}]},{\"@type\":\"WebSite\",\"@id\":\"https:\/\/www.centreon.com\/fr\/#website\",\"url\":\"https:\/\/www.centreon.com\/fr\/\",\"name\":\"Centreon\",\"description\":\"Just another WordPress site\",\"publisher\":{\"@id\":\"https:\/\/www.centreon.com\/fr\/#organization\"},\"potentialAction\":[{\"@type\":\"SearchAction\",\"target\":{\"@type\":\"EntryPoint\",\"urlTemplate\":\"https:\/\/www.centreon.com\/fr\/?s={search_term_string}\"},\"query-input\":{\"@type\":\"PropertyValueSpecification\",\"valueRequired\":true,\"valueName\":\"search_term_string\"}}],\"inLanguage\":\"fr-FR\"},{\"@type\":\"Organization\",\"@id\":\"https:\/\/www.centreon.com\/fr\/#organization\",\"name\":\"Centreon\",\"url\":\"https:\/\/www.centreon.com\/fr\/\",\"logo\":{\"@type\":\"ImageObject\",\"inLanguage\":\"fr-FR\",\"@id\":\"https:\/\/www.centreon.com\/fr\/#\/schema\/logo\/image\/\",\"url\":\"https:\/\/www.centreon.com\/wp-content\/uploads\/2023\/07\/Logo_Centreon_Email_Signature_light_02.png\",\"contentUrl\":\"https:\/\/www.centreon.com\/wp-content\/uploads\/2023\/07\/Logo_Centreon_Email_Signature_light_02.png\",\"width\":180,\"height\":42,\"caption\":\"Centreon\"},\"image\":{\"@id\":\"https:\/\/www.centreon.com\/fr\/#\/schema\/logo\/image\/\"},\"sameAs\":[\"https:\/\/www.facebook.com\/CentreonMonitoring\/\",\"https:\/\/x.com\/CentreonFR\",\"https:\/\/www.linkedin.com\/company\/centreonsoftware\/\",\"https:\/\/www.youtube.com\/channel\/UCIKJKvZ8acLmEg2fCdDzsvA\",\"https:\/\/fr.wikipedia.org\/wiki\/Centreon\"]},{\"@type\":\"Person\",\"@id\":\"https:\/\/www.centreon.com\/fr\/#\/schema\/person\/c5bd0f4e75adbd1ee75f5d1f8a7ff419\",\"name\":\"Thomas\",\"image\":{\"@type\":\"ImageObject\",\"inLanguage\":\"fr-FR\",\"@id\":\"https:\/\/www.centreon.com\/fr\/#\/schema\/person\/image\/\",\"url\":\"https:\/\/secure.gravatar.com\/avatar\/1d4c181e1a496d3d6d25441adb6830a23883e0f93ed97a30e4616fea3c950268?s=96&d=mm&r=g\",\"contentUrl\":\"https:\/\/secure.gravatar.com\/avatar\/1d4c181e1a496d3d6d25441adb6830a23883e0f93ed97a30e4616fea3c950268?s=96&d=mm&r=g\",\"caption\":\"Thomas\"},\"sameAs\":[\"http:\/\/centreon.stagewink.com\"]}]}<\/script>\n<!-- \/ Yoast SEO plugin. -->","yoast_head_json":{"title":"Les environnements de travail post-COVID-19 exigeront des outils IT de nouvelle g\u00e9n\u00e9ration - Centreon","robots":{"index":"index","follow":"follow","max-snippet":"max-snippet:-1","max-image-preview":"max-image-preview:large","max-video-preview":"max-video-preview:-1"},"canonical":"https:\/\/www.centreon.com\/fr\/les-environnements-de-travail-post-covid-19-exigeront-des-outils-it-de-nouvelle-generation\/","og_locale":"fr_FR","og_type":"article","og_title":"Les environnements de travail post-COVID-19 exigeront des outils IT de nouvelle g\u00e9n\u00e9ration - Centreon","og_description":"Nous en avons (presque) fini avec 2020. Nous nous en souviendrons (bient\u00f4t) comme l\u2019ann\u00e9e de la pand\u00e9mie, mais surtout comme l\u2019ann\u00e9e de l&rsquo;acc\u00e9l\u00e9ration de la transformation des SI orient\u00e9s utilisateurs et clients. Les ITOps se&nbsp;...","og_url":"https:\/\/www.centreon.com\/fr\/les-environnements-de-travail-post-covid-19-exigeront-des-outils-it-de-nouvelle-generation\/","og_site_name":"Centreon","article_publisher":"https:\/\/www.facebook.com\/CentreonMonitoring\/","article_published_time":"2020-12-11T09:32:28+00:00","article_modified_time":"2020-12-11T09:32:39+00:00","og_image":[{"width":1000,"height":667,"url":"https:\/\/www.centreon.com\/wp-content\/uploads\/2022\/10\/Centreon-SupervisionIT-PostCOVID19.jpg","type":"image\/jpeg"}],"author":"Thomas","twitter_card":"summary_large_image","twitter_creator":"@CentreonFR","twitter_site":"@CentreonFR","twitter_misc":{"\u00c9crit par":"Thomas","Dur\u00e9e de lecture estim\u00e9e":"6 minutes"},"schema":{"@context":"https:\/\/schema.org","@graph":[{"@type":"Article","@id":"https:\/\/www.centreon.com\/fr\/les-environnements-de-travail-post-covid-19-exigeront-des-outils-it-de-nouvelle-generation\/#article","isPartOf":{"@id":"https:\/\/www.centreon.com\/fr\/les-environnements-de-travail-post-covid-19-exigeront-des-outils-it-de-nouvelle-generation\/"},"author":{"name":"Thomas","@id":"https:\/\/www.centreon.com\/fr\/#\/schema\/person\/c5bd0f4e75adbd1ee75f5d1f8a7ff419"},"headline":"Les environnements de travail post-COVID-19 exigeront des outils IT de nouvelle g\u00e9n\u00e9ration","datePublished":"2020-12-11T09:32:28+00:00","dateModified":"2020-12-11T09:32:39+00:00","mainEntityOfPage":{"@id":"https:\/\/www.centreon.com\/fr\/les-environnements-de-travail-post-covid-19-exigeront-des-outils-it-de-nouvelle-generation\/"},"wordCount":1274,"publisher":{"@id":"https:\/\/www.centreon.com\/fr\/#organization"},"image":{"@id":"https:\/\/www.centreon.com\/fr\/les-environnements-de-travail-post-covid-19-exigeront-des-outils-it-de-nouvelle-generation\/#primaryimage"},"thumbnailUrl":"https:\/\/www.centreon.com\/uploads\/2022\/10\/Centreon-SupervisionIT-PostCOVID19.jpg","inLanguage":"fr-FR"},{"@type":"WebPage","@id":"https:\/\/www.centreon.com\/fr\/les-environnements-de-travail-post-covid-19-exigeront-des-outils-it-de-nouvelle-generation\/","url":"https:\/\/www.centreon.com\/fr\/les-environnements-de-travail-post-covid-19-exigeront-des-outils-it-de-nouvelle-generation\/","name":"Les environnements de travail post-COVID-19 exigeront des outils IT de nouvelle g\u00e9n\u00e9ration - Centreon","isPartOf":{"@id":"https:\/\/www.centreon.com\/fr\/#website"},"primaryImageOfPage":{"@id":"https:\/\/www.centreon.com\/fr\/les-environnements-de-travail-post-covid-19-exigeront-des-outils-it-de-nouvelle-generation\/#primaryimage"},"image":{"@id":"https:\/\/www.centreon.com\/fr\/les-environnements-de-travail-post-covid-19-exigeront-des-outils-it-de-nouvelle-generation\/#primaryimage"},"thumbnailUrl":"https:\/\/www.centreon.com\/uploads\/2022\/10\/Centreon-SupervisionIT-PostCOVID19.jpg","datePublished":"2020-12-11T09:32:28+00:00","dateModified":"2020-12-11T09:32:39+00:00","breadcrumb":{"@id":"https:\/\/www.centreon.com\/fr\/les-environnements-de-travail-post-covid-19-exigeront-des-outils-it-de-nouvelle-generation\/#breadcrumb"},"inLanguage":"fr-FR","potentialAction":[{"@type":"ReadAction","target":["https:\/\/www.centreon.com\/fr\/les-environnements-de-travail-post-covid-19-exigeront-des-outils-it-de-nouvelle-generation\/"]}]},{"@type":"ImageObject","inLanguage":"fr-FR","@id":"https:\/\/www.centreon.com\/fr\/les-environnements-de-travail-post-covid-19-exigeront-des-outils-it-de-nouvelle-generation\/#primaryimage","url":"https:\/\/www.centreon.com\/uploads\/2022\/10\/Centreon-SupervisionIT-PostCOVID19.jpg","contentUrl":"https:\/\/www.centreon.com\/uploads\/2022\/10\/Centreon-SupervisionIT-PostCOVID19.jpg","width":1000,"height":667},{"@type":"BreadcrumbList","@id":"https:\/\/www.centreon.com\/fr\/les-environnements-de-travail-post-covid-19-exigeront-des-outils-it-de-nouvelle-generation\/#breadcrumb","itemListElement":[{"@type":"ListItem","position":1,"name":"Home","item":"https:\/\/www.centreon.com\/fr\/"},{"@type":"ListItem","position":2,"name":"Les environnements de travail post-COVID-19 exigeront des outils IT de nouvelle g\u00e9n\u00e9ration"}]},{"@type":"WebSite","@id":"https:\/\/www.centreon.com\/fr\/#website","url":"https:\/\/www.centreon.com\/fr\/","name":"Centreon","description":"Just another WordPress site","publisher":{"@id":"https:\/\/www.centreon.com\/fr\/#organization"},"potentialAction":[{"@type":"SearchAction","target":{"@type":"EntryPoint","urlTemplate":"https:\/\/www.centreon.com\/fr\/?s={search_term_string}"},"query-input":{"@type":"PropertyValueSpecification","valueRequired":true,"valueName":"search_term_string"}}],"inLanguage":"fr-FR"},{"@type":"Organization","@id":"https:\/\/www.centreon.com\/fr\/#organization","name":"Centreon","url":"https:\/\/www.centreon.com\/fr\/","logo":{"@type":"ImageObject","inLanguage":"fr-FR","@id":"https:\/\/www.centreon.com\/fr\/#\/schema\/logo\/image\/","url":"https:\/\/www.centreon.com\/wp-content\/uploads\/2023\/07\/Logo_Centreon_Email_Signature_light_02.png","contentUrl":"https:\/\/www.centreon.com\/wp-content\/uploads\/2023\/07\/Logo_Centreon_Email_Signature_light_02.png","width":180,"height":42,"caption":"Centreon"},"image":{"@id":"https:\/\/www.centreon.com\/fr\/#\/schema\/logo\/image\/"},"sameAs":["https:\/\/www.facebook.com\/CentreonMonitoring\/","https:\/\/x.com\/CentreonFR","https:\/\/www.linkedin.com\/company\/centreonsoftware\/","https:\/\/www.youtube.com\/channel\/UCIKJKvZ8acLmEg2fCdDzsvA","https:\/\/fr.wikipedia.org\/wiki\/Centreon"]},{"@type":"Person","@id":"https:\/\/www.centreon.com\/fr\/#\/schema\/person\/c5bd0f4e75adbd1ee75f5d1f8a7ff419","name":"Thomas","image":{"@type":"ImageObject","inLanguage":"fr-FR","@id":"https:\/\/www.centreon.com\/fr\/#\/schema\/person\/image\/","url":"https:\/\/secure.gravatar.com\/avatar\/1d4c181e1a496d3d6d25441adb6830a23883e0f93ed97a30e4616fea3c950268?s=96&d=mm&r=g","contentUrl":"https:\/\/secure.gravatar.com\/avatar\/1d4c181e1a496d3d6d25441adb6830a23883e0f93ed97a30e4616fea3c950268?s=96&d=mm&r=g","caption":"Thomas"},"sameAs":["http:\/\/centreon.stagewink.com"]}]}},"_links":{"self":[{"href":"https:\/\/www.centreon.com\/fr\/wp-json\/wp\/v2\/posts\/19771","targetHints":{"allow":["GET"]}}],"collection":[{"href":"https:\/\/www.centreon.com\/fr\/wp-json\/wp\/v2\/posts"}],"about":[{"href":"https:\/\/www.centreon.com\/fr\/wp-json\/wp\/v2\/types\/post"}],"author":[{"embeddable":true,"href":"https:\/\/www.centreon.com\/fr\/wp-json\/wp\/v2\/users\/1"}],"replies":[{"embeddable":true,"href":"https:\/\/www.centreon.com\/fr\/wp-json\/wp\/v2\/comments?post=19771"}],"version-history":[{"count":0,"href":"https:\/\/www.centreon.com\/fr\/wp-json\/wp\/v2\/posts\/19771\/revisions"}],"wp:featuredmedia":[{"embeddable":true,"href":"https:\/\/www.centreon.com\/fr\/wp-json\/wp\/v2\/media\/5467"}],"wp:attachment":[{"href":"https:\/\/www.centreon.com\/fr\/wp-json\/wp\/v2\/media?parent=19771"}],"wp:term":[{"taxonomy":"post-type","embeddable":true,"href":"https:\/\/www.centreon.com\/fr\/wp-json\/wp\/v2\/post-type?post=19771"},{"taxonomy":"theme","embeddable":true,"href":"https:\/\/www.centreon.com\/fr\/wp-json\/wp\/v2\/theme?post=19771"}],"curies":[{"name":"wp","href":"https:\/\/api.w.org\/{rel}","templated":true}]}}