{"id":19430,"date":"2019-09-11T15:42:40","date_gmt":"2019-09-11T13:42:40","guid":{"rendered":"https:\/\/www.centreon.com\/rentree-2019-integrez-la-centreon-monitoring-academy\/"},"modified":"2023-12-22T10:57:13","modified_gmt":"2023-12-22T09:57:13","slug":"rentree-2019-integrez-la-centreon-monitoring-academy","status":"publish","type":"post","link":"https:\/\/www.centreon.com\/fr\/rentree-2019-integrez-la-centreon-monitoring-academy\/","title":{"rendered":"Rentr\u00e9e 2019 : int\u00e9grez la Centreon Monitoring Academy"},"content":{"rendered":"<p><span style=\"font-weight: 400;\">Nouveau cartable, nouvelles chaussures, nouvelle coupe de cheveux\u2026 Autant d\u2019options possibles en cette rentr\u00e9e scolaire de nos ch\u00e8res t\u00eates blondes, mais la rentr\u00e9e ce n\u2019est pas que pour les enfants !\u00a0 <\/span><span style=\"font-weight: 400;\">Chez Centreon, nous avons pass\u00e9 un \u00e9t\u00e9 studieux pour vous offrir de nouveaux parcours de formation utilisateurs finaux, plus adapt\u00e9s et dans des formats plus agiles.<br \/>\n<\/span><span style=\"font-weight: 400;\">Dans ce billet de blog, d\u00e9couvrez les nouveaux parcours propos\u00e9s par <\/span><a href=\"https:\/\/www.centreon.com\/services\/formations\/\" target=\"_blank\" rel=\"noopener noreferrer\"><span style=\"font-weight: 400;\">Centreon Monitoring Academy<\/span><\/a><span style=\"font-weight: 400;\">, allez c\u2019est parti !\u00a0<\/span><\/p>\n<h2><span style=\"font-size: 14pt; color: #0072ce;\"><b>Formations Centreon, pour tirer le meilleur parti de vos solutions<\/b><\/span><\/h2>\n<p><span style=\"font-weight: 400;\">Nous proposons d\u00e9sormais 2 parcours de formations utilisateurs finaux accessibles en diff\u00e9rents formats :<\/span><\/p>\n<ul>\n<li style=\"font-weight: 400;\"><a href=\"https:\/\/www.centreon.com\/services\/formations\/lead-it-fr\/\" target=\"_blank\" rel=\"noopener noreferrer\"><b>Parcours LEAD IT<\/b><\/a><span style=\"font-weight: 400;\"> pour ma\u00eetriser le d\u00e9ploiement, la configuration et la gestion de Centreon de bout en bout et en toute autonomie.<\/span><\/li>\n<li style=\"font-weight: 400;\"><a href=\"https:\/\/www.centreon.com\/services\/formations\/lead-business-fr\/\" target=\"_blank\" rel=\"noopener noreferrer\"><b>Parcours LEAD Business<\/b><\/a><span style=\"font-weight: 400;\"> pour exploiter pleinement la supervision centr\u00e9e m\u00e9tier en cr\u00e9ant des tableaux de bord et rapports corr\u00e9lant indicateurs IT et performance op\u00e9rationnelle.\u00a0<\/span><\/li>\n<\/ul>\n<p><span style=\"font-weight: 400;\">Ces deux parcours sont accessibles au <\/span><b>format 100% eLearning<\/b><span style=\"font-weight: 400;\"> ou <\/span><b>format Blended Learning <\/b><span style=\"font-weight: 400;\">(mix de eLearning et sessions en pr\u00e9sentiel).<\/span><\/p>\n<blockquote><p><span style=\"font-weight: 400;\">\u00a0\u00ab Nous avons investi sur la formation des \u00e9quipes avec, pour r\u00e9sultat, une vraie mont\u00e9e en comp\u00e9tence. (&#8230;) Nous avons gagn\u00e9 en efficacit\u00e9. Par exemple, l\u00e0 o\u00f9 il nous fallait une demi-heure pour ajouter un host, nous mettons \u00e0 pr\u00e9sent une minute et demie ! \u00bb Nicolas Lussier, Responsable Syst\u00e8mes et R\u00e9seaux, Fibre Excellence.<\/span><\/p><\/blockquote>\n<p><span style=\"font-size: 14pt; color: #0072ce;\"><b>Offre sp\u00e9ciale !\u00a0<\/b><\/span><\/p>\n<p><span style=\"font-weight: 400;\">Pour toute commande de formation eLearning pass\u00e9e avant le 31 octobre 2019, b\u00e9n\u00e9ficiez d\u2019une remise exceptionnelle de 30%. <\/span><a href=\"https:\/\/www.centreon.com\/nous-contacter\/\" target=\"_blank\" rel=\"noopener noreferrer\"><span style=\"font-weight: 400;\">Evaluez votre besoin et recevez un devis personnalis\u00e9<\/span><\/a><span style=\"font-weight: 400;\">. Pr\u00e9cisez \u201cformation\u201d dans le champs nature de la demande et indiquez le code CMA30 dans votre message.<\/span><\/p>\n<p><iframe loading=\"lazy\" title=\"Rentr\u00e9e 2019 : int\u00e9grez la Centreon Monitoring Academy\" width=\"500\" height=\"281\" src=\"https:\/\/www.youtube.com\/embed\/KLwb6wcAfJ0?feature=oembed\" frameborder=\"0\" allow=\"accelerometer; autoplay; clipboard-write; encrypted-media; gyroscope; picture-in-picture; web-share\" referrerpolicy=\"strict-origin-when-cross-origin\" allowfullscreen><\/iframe><\/p>\n<h2><\/h2>\n<h2><span style=\"font-size: 14pt; color: #0072ce;\"><b>Rien ne vaut une formation pratique en conditions quasi r\u00e9elles<\/b><\/span><\/h2>\n<p><span style=\"font-weight: 400;\">Qu\u2019il s\u2019agisse de LEAD IT ou LEAD Business, en eLearning ou en Blended Learning, vous apprendrez \u00e0 utiliser la supervision dans un environnement aussi proche que possible de votre r\u00e9alit\u00e9 terrain. En tant qu\u2019apprenant, vous disposerez d\u2019un acc\u00e8s \u00e0 une plateforme Centreon virtuelle pour pratiquer \u00e0 votre rythme et dans des conditions quasi r\u00e9elles. Et si vous avez choisi le format Blended Learning, cela vous donnera un point de d\u00e9part aux discussions de classe, aussi bien avec vos coll\u00e8gues ou confr\u00e8res qu\u2019avec le formateur.\u00a0<\/span><\/p>\n<blockquote><p><b>Le saviez-vous ?<br \/>\n<\/b><b>Tous nos exercices de formations sont le fruit des probl\u00e9matiques terrain que nos consultants ont rencontr\u00e9es et trait\u00e9es chez nos clients.\u00a0<\/b><\/p><\/blockquote>\n<h2><span style=\"font-size: 14pt; color: #0072ce;\"><b>Choisir sa formation en \u00e9vitant le mal de t\u00eate<\/b><\/span><\/h2>\n<p><span style=\"font-weight: 400;\">Personne n\u2019a le temps ou ne devrait se casser la t\u00eate pour comprendre et choisir un parcours de formation. Nous nous sommes assur\u00e9s que nos parcours soient suffisamment simples pour vous permettre de choisir rapidement celui qui fonctionne le mieux pour vous ou vos \u00e9quipes, le tout en seulement 2 \u00e9tapes !\u00a0<\/span><\/p>\n<p><span style=\"font-size: 12pt;\"><b>Etape 1 : Choisir le bon format<\/b><\/span><\/p>\n<p><span style=\"font-weight: 400;\">Votre premi\u00e8re d\u00e9cision consiste \u00e0 choisir entre le format eLearning ou Blended Learning.\u00a0<\/span><\/p>\n<ul>\n<li style=\"font-weight: 400;\"><span style=\"font-weight: 400;\">Si vous souhaitez vous \u00e9pargner des frais et des d\u00e9lais de d\u00e9placement tout en acc\u00e9dant au luxe de la formation \u00e0 son rythme, le eLearning est fait pour vous.\u00a0<\/span><\/li>\n<li style=\"font-weight: 400;\"><span style=\"font-weight: 400;\">Si l\u2019apprentissage en groupe et les \u00e9changes avec confr\u00e8res et formateur sont pour vous le facteur cl\u00e9 de succ\u00e8s d\u2019une formation r\u00e9ussie, alors optez pour le Blended Learning, format d\u2019apprentissage mixte entre eLearning et pr\u00e9sentiel \u00e0 dur\u00e9e optimis\u00e9e.<br \/>\n<\/span><\/li>\n<\/ul>\n<p>&nbsp;<\/p>\n<table>\n<tbody>\n<tr>\n<td><b>eLearning<\/b><\/td>\n<td><b>Blended Learning<\/b><\/td>\n<\/tr>\n<tr>\n<td>\n<ul>\n<li style=\"font-weight: 400;\"><span style=\"font-weight: 400;\">Formation \u00e0 son rythme<\/span> <span style=\"font-weight: 400;\">accessible 45 jours<\/span><\/li>\n<li style=\"font-weight: 400;\"><span style=\"font-weight: 400;\">Disponible \u00e0 tout moment et de n\u2019importe o\u00f9<\/span><\/li>\n<li style=\"font-weight: 400;\"><span style=\"font-weight: 400;\">Vous d\u00e9cidez quand passer le test<\/span><\/li>\n<li style=\"font-weight: 400;\"><span style=\"font-weight: 400;\">Restez concentr\u00e9 sans vous lasser gr\u00e2ce \u00e0 des supports de formations vari\u00e9s : plateforme Centreon virtuelle, vid\u00e9os, tutoriels et quizz<\/span><\/li>\n<li style=\"font-weight: 400;\"><span style=\"font-weight: 400;\"><span style=\"font-weight: 400;\">Acc\u00e8s \u00e0 un expert Centreon quand vous en avez besoin<\/span><\/span>&nbsp;<\/li>\n<\/ul>\n<\/td>\n<td>\n<ul>\n<li style=\"font-weight: 400;\"><span style=\"font-weight: 400;\">A votre rythme 45 jours : pour compl\u00e9ter la partie eLearning de votre parcours<\/span><\/li>\n<li style=\"font-weight: 400;\"><span style=\"font-weight: 400;\">3 jours de formation pratique en pr\u00e9sentiel<\/span><\/li>\n<li style=\"font-weight: 400;\"><span style=\"font-weight: 400;\">Interactions avec le groupe et sessions de questions-r\u00e9ponses avec un expert Centreon pour r\u00e9soudre vos probl\u00e9matiques<\/span><\/li>\n<li style=\"font-weight: 400;\"><span style=\"font-weight: 400;\">Organisez la partie pr\u00e9sentiel dans vos locaux (INTRA) ou rendez-vous au centre de formation Centreon (INTER)<\/span><\/li>\n<li style=\"font-weight: 400;\"><span style=\"font-weight: 400;\">Economique et rapide\u00a0<\/span><\/li>\n<\/ul>\n<\/td>\n<\/tr>\n<\/tbody>\n<\/table>\n<p>&nbsp;<\/p>\n<p><span style=\"font-size: 12pt;\"><b>Etape 2 : Choisir le meilleur parcours de formation<\/b><\/span><\/p>\n<p><span style=\"font-weight: 400;\">Pour choisir le parcours qu\u2019il vous faut, prenez en compte votre connaissance ou celle de votre \u00e9quipe concernant Centreon, les t\u00e2ches quotidiennes requises, la criticit\u00e9 et les enjeux globaux de la supervision des infrastructures et op\u00e9rations dans votre entreprise. Pour choisir plus vite le parcours qui vous ira comme un gant, <\/span><a href=\"https:\/\/www.centreon.com\/nous-contacter\/\" target=\"_blank\" rel=\"noopener noreferrer\"><span style=\"font-weight: 400;\">faites vous aider par notre \u00e9quipe<\/span><\/a><span style=\"font-weight: 400;\"> !<\/span><span style=\"font-weight: 400;\"> Pr\u00e9cisez \u201cformation\u201d dans le champs nature de la demande et indiquez le code CMA30 dans votre message.<\/span><\/p>\n<table>\n<tbody>\n<tr>\n<td><span style=\"font-weight: 400;\">Parcours<\/span><\/td>\n<td><span style=\"font-weight: 400;\">LEAD IT<\/span><\/td>\n<td><span style=\"font-weight: 400;\">LEAD Business<\/span><\/td>\n<\/tr>\n<tr>\n<td><span style=\"font-weight: 400;\">Si votre votre objectif est de :\u00a0<\/span><\/td>\n<td><span style=\"font-weight: 400;\">D\u00e9ployer, configurer et g\u00e9rer votre solution Centreon de bout en bout en toute autonomie.<\/span><\/td>\n<td><span style=\"font-weight: 400;\">Cr\u00e9er des tableaux de bord et rapports pertinents sur les applications en corr\u00e9lant indicateurs IT et performance <\/span><span style=\"font-weight: 400;\">op\u00e9rationnelle.<\/span><\/td>\n<\/tr>\n<tr>\n<td><span style=\"font-weight: 400;\">Si votre profil ou ceux de votre \u00e9quipe sont :\u00a0<\/span><\/td>\n<td>\n<ul>\n<li style=\"font-weight: 400;\"><span style=\"font-weight: 400;\">Op\u00e9rateurs, administrateurs, ing\u00e9nieurs syst\u00e8mes<\/span><\/li>\n<li style=\"font-weight: 400;\"><span style=\"font-weight: 400;\">Tout utilisateur final impliqu\u00e9 dans la ma\u00eetrise d\u2019utilisation de la plateforme Centreon<\/span><\/li>\n<\/ul>\n<\/td>\n<td>\n<ul>\n<li style=\"font-weight: 400;\"><span style=\"font-weight: 400;\">Op\u00e9rateurs, administrateurs, ing\u00e9nieurs syst\u00e8mes, responsables supervision<\/span><\/li>\n<li style=\"font-weight: 400;\"><span style=\"font-weight: 400;\">Tout utilisateur final voulant acqu\u00e9rir la ma\u00eetrise et les bonnes pratiques pour \u00eatre autonome dans l\u2019utilisation de Centreon EMS<\/span><\/li>\n<\/ul>\n<\/td>\n<\/tr>\n<tr>\n<td><span style=\"font-weight: 400;\">Si ce que vous voulez apprendre rel\u00e8ve de :\u00a0<\/span><\/td>\n<td>\n<ul>\n<li style=\"font-weight: 400;\"><span style=\"font-weight: 400;\">Objets Centreon<\/span><\/li>\n<li style=\"font-weight: 400;\"><span style=\"font-weight: 400;\">Tableaux de bord<\/span><\/li>\n<li style=\"font-weight: 400;\"><span style=\"font-weight: 400;\">Widgets<\/span><\/li>\n<li style=\"font-weight: 400;\"><span style=\"font-weight: 400;\">Plugin Packs<\/span><\/li>\n<li style=\"font-weight: 400;\"><span style=\"font-weight: 400;\">Architecture<\/span><\/li>\n<li style=\"font-weight: 400;\"><span style=\"font-weight: 400;\">Fonctionnalit\u00e9s avanc\u00e9es<\/span><\/li>\n<li style=\"font-weight: 400;\"><span style=\"font-weight: 400;\">Stockage et sauvegardes<\/span><\/li>\n<li style=\"font-weight: 400;\"><span style=\"font-weight: 400;\">Prise en charge d\u2019incidents<\/span><\/li>\n<li style=\"font-weight: 400;\"><span style=\"font-weight: 400;\">Bonnes pratiques et plus !<\/span><\/li>\n<\/ul>\n<\/td>\n<td>\n<ul>\n<li style=\"font-weight: 400;\"><span style=\"font-weight: 400;\">Superviser le hardware et les applications<\/span><\/li>\n<li style=\"font-weight: 400;\"><span style=\"font-weight: 400;\">Indicateurs<\/span><\/li>\n<li style=\"font-weight: 400;\"><span style=\"font-weight: 400;\">Cr\u00e9er des applications Centreon BAM<\/span><\/li>\n<li style=\"font-weight: 400;\"><span style=\"font-weight: 400;\">Tableaux de bord Centreon MAP<\/span><\/li>\n<li style=\"font-weight: 400;\"><span style=\"font-weight: 400;\">Cartographies et rapports<\/span><\/li>\n<li style=\"font-weight: 400;\"><span style=\"font-weight: 400;\">Profils utilisateurs<\/span><\/li>\n<li style=\"font-weight: 400;\"><span style=\"font-weight: 400;\">Int\u00e9grer tous les modules pour utiliser pleinement le potentiel de Centreon EMS<\/span><\/li>\n<li style=\"font-weight: 400;\"><span style=\"font-weight: 400;\">Bonnes pratiques et plus !<\/span><\/li>\n<\/ul>\n<\/td>\n<\/tr>\n<\/tbody>\n<\/table>\n<p><b style=\"color: #0072ce; font-size: 14pt;\">Besoin imminent de formation pour vous ou vos \u00e9quipes ?\u00a0<\/b><\/p>\n<p><b>Visitez <\/b><a href=\"https:\/\/www.centreon.com\/services\/formations\/\" target=\"_blank\" rel=\"noopener noreferrer\"><b>notre site web<\/b><\/a><b>, choisissez les formats et parcours qui r\u00e9pondent \u00e0 vos besoin ou gagnez du temps et <\/b><b><a href=\"https:\/\/www.centreon.com\/nous-contacter\/\" target=\"_blank\" rel=\"noopener noreferrer\">contactez-nous<\/a> directement<\/b><b>.<\/b><span style=\"font-weight: 400;\"> Pr\u00e9cisez \u201cformation\u201d dans le champs nature de la demande et indiquez le code CMA30 dans votre message.<\/span><\/p>\n","protected":false},"excerpt":{"rendered":"<p>Nouveau cartable, nouvelles chaussures, nouvelle coupe de cheveux\u2026 Autant d\u2019options possibles en cette rentr\u00e9e scolaire de nos ch\u00e8res t\u00eates blondes, mais la rentr\u00e9e ce n\u2019est pas que pour les enfants !\u00a0 Chez Centreon, nous avons&nbsp;&#8230;<\/p>\n","protected":false},"author":1,"featured_media":4839,"comment_status":"closed","ping_status":"closed","sticky":false,"template":"","format":"standard","meta":{"_acf_changed":false,"footnotes":""},"post-type":[98],"theme":[],"class_list":["post-19430","post","type-post","status-publish","format-standard","has-post-thumbnail","hentry","post-type-actualites"],"acf":[],"yoast_head":"<!-- This site is optimized with the Yoast SEO plugin v26.6 - https:\/\/yoast.com\/wordpress\/plugins\/seo\/ -->\n<title>Rentr\u00e9e 2019 : int\u00e9grez la Centreon Monitoring Academy<\/title>\n<meta name=\"description\" content=\"Dans ce billet de blog, d\u00e9couvrez les nouveaux parcours propos\u00e9s par Centreon Monitoring Academy, allez c\u2019est parti !\" \/>\n<meta name=\"robots\" content=\"index, follow, max-snippet:-1, max-image-preview:large, max-video-preview:-1\" \/>\n<link rel=\"canonical\" href=\"https:\/\/www.centreon.com\/fr\/rentree-2019-integrez-la-centreon-monitoring-academy\/\" \/>\n<meta property=\"og:locale\" content=\"fr_FR\" \/>\n<meta property=\"og:type\" content=\"article\" \/>\n<meta property=\"og:title\" content=\"Rentr\u00e9e 2019 : int\u00e9grez la Centreon Monitoring Academy\" \/>\n<meta property=\"og:description\" content=\"Dans ce billet de blog, d\u00e9couvrez les nouveaux parcours propos\u00e9s par Centreon Monitoring Academy, allez c\u2019est parti !\" \/>\n<meta property=\"og:url\" content=\"https:\/\/www.centreon.com\/fr\/rentree-2019-integrez-la-centreon-monitoring-academy\/\" \/>\n<meta property=\"og:site_name\" content=\"Centreon\" \/>\n<meta property=\"article:publisher\" content=\"https:\/\/www.facebook.com\/CentreonMonitoring\/\" \/>\n<meta property=\"article:published_time\" content=\"2019-09-11T13:42:40+00:00\" \/>\n<meta property=\"article:modified_time\" content=\"2023-12-22T09:57:13+00:00\" \/>\n<meta property=\"og:image\" content=\"https:\/\/www.centreon.com\/wp-content\/uploads\/2022\/10\/Centreon_Monitoring_Academy_Training.png\" \/>\n\t<meta property=\"og:image:width\" content=\"1640\" \/>\n\t<meta property=\"og:image:height\" content=\"925\" \/>\n\t<meta property=\"og:image:type\" content=\"image\/png\" \/>\n<meta name=\"author\" content=\"Thomas\" \/>\n<meta name=\"twitter:card\" content=\"summary_large_image\" \/>\n<meta name=\"twitter:creator\" content=\"@CentreonFR\" \/>\n<meta name=\"twitter:site\" content=\"@CentreonFR\" \/>\n<meta name=\"twitter:label1\" content=\"\u00c9crit par\" \/>\n\t<meta name=\"twitter:data1\" content=\"Thomas\" \/>\n\t<meta name=\"twitter:label2\" content=\"Dur\u00e9e de lecture estim\u00e9e\" \/>\n\t<meta name=\"twitter:data2\" content=\"4 minutes\" \/>\n<script type=\"application\/ld+json\" class=\"yoast-schema-graph\">{\"@context\":\"https:\/\/schema.org\",\"@graph\":[{\"@type\":\"Article\",\"@id\":\"https:\/\/www.centreon.com\/fr\/rentree-2019-integrez-la-centreon-monitoring-academy\/#article\",\"isPartOf\":{\"@id\":\"https:\/\/www.centreon.com\/fr\/rentree-2019-integrez-la-centreon-monitoring-academy\/\"},\"author\":{\"name\":\"Thomas\",\"@id\":\"https:\/\/www.centreon.com\/fr\/#\/schema\/person\/c5bd0f4e75adbd1ee75f5d1f8a7ff419\"},\"headline\":\"Rentr\u00e9e 2019 : int\u00e9grez la Centreon Monitoring Academy\",\"datePublished\":\"2019-09-11T13:42:40+00:00\",\"dateModified\":\"2023-12-22T09:57:13+00:00\",\"mainEntityOfPage\":{\"@id\":\"https:\/\/www.centreon.com\/fr\/rentree-2019-integrez-la-centreon-monitoring-academy\/\"},\"wordCount\":1021,\"publisher\":{\"@id\":\"https:\/\/www.centreon.com\/fr\/#organization\"},\"image\":{\"@id\":\"https:\/\/www.centreon.com\/fr\/rentree-2019-integrez-la-centreon-monitoring-academy\/#primaryimage\"},\"thumbnailUrl\":\"https:\/\/www.centreon.com\/uploads\/2022\/10\/Centreon_Monitoring_Academy_Training.png\",\"inLanguage\":\"fr-FR\"},{\"@type\":\"WebPage\",\"@id\":\"https:\/\/www.centreon.com\/fr\/rentree-2019-integrez-la-centreon-monitoring-academy\/\",\"url\":\"https:\/\/www.centreon.com\/fr\/rentree-2019-integrez-la-centreon-monitoring-academy\/\",\"name\":\"Rentr\u00e9e 2019 : int\u00e9grez la Centreon Monitoring Academy\",\"isPartOf\":{\"@id\":\"https:\/\/www.centreon.com\/fr\/#website\"},\"primaryImageOfPage\":{\"@id\":\"https:\/\/www.centreon.com\/fr\/rentree-2019-integrez-la-centreon-monitoring-academy\/#primaryimage\"},\"image\":{\"@id\":\"https:\/\/www.centreon.com\/fr\/rentree-2019-integrez-la-centreon-monitoring-academy\/#primaryimage\"},\"thumbnailUrl\":\"https:\/\/www.centreon.com\/uploads\/2022\/10\/Centreon_Monitoring_Academy_Training.png\",\"datePublished\":\"2019-09-11T13:42:40+00:00\",\"dateModified\":\"2023-12-22T09:57:13+00:00\",\"description\":\"Dans ce billet de blog, d\u00e9couvrez les nouveaux parcours propos\u00e9s par Centreon Monitoring Academy, allez c\u2019est parti !\",\"breadcrumb\":{\"@id\":\"https:\/\/www.centreon.com\/fr\/rentree-2019-integrez-la-centreon-monitoring-academy\/#breadcrumb\"},\"inLanguage\":\"fr-FR\",\"potentialAction\":[{\"@type\":\"ReadAction\",\"target\":[\"https:\/\/www.centreon.com\/fr\/rentree-2019-integrez-la-centreon-monitoring-academy\/\"]}]},{\"@type\":\"ImageObject\",\"inLanguage\":\"fr-FR\",\"@id\":\"https:\/\/www.centreon.com\/fr\/rentree-2019-integrez-la-centreon-monitoring-academy\/#primaryimage\",\"url\":\"https:\/\/www.centreon.com\/uploads\/2022\/10\/Centreon_Monitoring_Academy_Training.png\",\"contentUrl\":\"https:\/\/www.centreon.com\/uploads\/2022\/10\/Centreon_Monitoring_Academy_Training.png\",\"width\":1640,\"height\":925},{\"@type\":\"BreadcrumbList\",\"@id\":\"https:\/\/www.centreon.com\/fr\/rentree-2019-integrez-la-centreon-monitoring-academy\/#breadcrumb\",\"itemListElement\":[{\"@type\":\"ListItem\",\"position\":1,\"name\":\"Home\",\"item\":\"https:\/\/www.centreon.com\/fr\/\"},{\"@type\":\"ListItem\",\"position\":2,\"name\":\"Rentr\u00e9e 2019 : int\u00e9grez la Centreon Monitoring Academy\"}]},{\"@type\":\"WebSite\",\"@id\":\"https:\/\/www.centreon.com\/fr\/#website\",\"url\":\"https:\/\/www.centreon.com\/fr\/\",\"name\":\"Centreon\",\"description\":\"Just another WordPress site\",\"publisher\":{\"@id\":\"https:\/\/www.centreon.com\/fr\/#organization\"},\"potentialAction\":[{\"@type\":\"SearchAction\",\"target\":{\"@type\":\"EntryPoint\",\"urlTemplate\":\"https:\/\/www.centreon.com\/fr\/?s={search_term_string}\"},\"query-input\":{\"@type\":\"PropertyValueSpecification\",\"valueRequired\":true,\"valueName\":\"search_term_string\"}}],\"inLanguage\":\"fr-FR\"},{\"@type\":\"Organization\",\"@id\":\"https:\/\/www.centreon.com\/fr\/#organization\",\"name\":\"Centreon\",\"url\":\"https:\/\/www.centreon.com\/fr\/\",\"logo\":{\"@type\":\"ImageObject\",\"inLanguage\":\"fr-FR\",\"@id\":\"https:\/\/www.centreon.com\/fr\/#\/schema\/logo\/image\/\",\"url\":\"https:\/\/www.centreon.com\/wp-content\/uploads\/2023\/07\/Logo_Centreon_Email_Signature_light_02.png\",\"contentUrl\":\"https:\/\/www.centreon.com\/wp-content\/uploads\/2023\/07\/Logo_Centreon_Email_Signature_light_02.png\",\"width\":180,\"height\":42,\"caption\":\"Centreon\"},\"image\":{\"@id\":\"https:\/\/www.centreon.com\/fr\/#\/schema\/logo\/image\/\"},\"sameAs\":[\"https:\/\/www.facebook.com\/CentreonMonitoring\/\",\"https:\/\/x.com\/CentreonFR\",\"https:\/\/www.linkedin.com\/company\/centreonsoftware\/\",\"https:\/\/www.youtube.com\/channel\/UCIKJKvZ8acLmEg2fCdDzsvA\",\"https:\/\/fr.wikipedia.org\/wiki\/Centreon\"]},{\"@type\":\"Person\",\"@id\":\"https:\/\/www.centreon.com\/fr\/#\/schema\/person\/c5bd0f4e75adbd1ee75f5d1f8a7ff419\",\"name\":\"Thomas\",\"image\":{\"@type\":\"ImageObject\",\"inLanguage\":\"fr-FR\",\"@id\":\"https:\/\/www.centreon.com\/fr\/#\/schema\/person\/image\/\",\"url\":\"https:\/\/secure.gravatar.com\/avatar\/1d4c181e1a496d3d6d25441adb6830a23883e0f93ed97a30e4616fea3c950268?s=96&d=mm&r=g\",\"contentUrl\":\"https:\/\/secure.gravatar.com\/avatar\/1d4c181e1a496d3d6d25441adb6830a23883e0f93ed97a30e4616fea3c950268?s=96&d=mm&r=g\",\"caption\":\"Thomas\"},\"sameAs\":[\"http:\/\/centreon.stagewink.com\"]}]}<\/script>\n<!-- \/ Yoast SEO plugin. -->","yoast_head_json":{"title":"Rentr\u00e9e 2019 : int\u00e9grez la Centreon Monitoring Academy","description":"Dans ce billet de blog, d\u00e9couvrez les nouveaux parcours propos\u00e9s par Centreon Monitoring Academy, allez c\u2019est parti !","robots":{"index":"index","follow":"follow","max-snippet":"max-snippet:-1","max-image-preview":"max-image-preview:large","max-video-preview":"max-video-preview:-1"},"canonical":"https:\/\/www.centreon.com\/fr\/rentree-2019-integrez-la-centreon-monitoring-academy\/","og_locale":"fr_FR","og_type":"article","og_title":"Rentr\u00e9e 2019 : int\u00e9grez la Centreon Monitoring Academy","og_description":"Dans ce billet de blog, d\u00e9couvrez les nouveaux parcours propos\u00e9s par Centreon Monitoring Academy, allez c\u2019est parti !","og_url":"https:\/\/www.centreon.com\/fr\/rentree-2019-integrez-la-centreon-monitoring-academy\/","og_site_name":"Centreon","article_publisher":"https:\/\/www.facebook.com\/CentreonMonitoring\/","article_published_time":"2019-09-11T13:42:40+00:00","article_modified_time":"2023-12-22T09:57:13+00:00","og_image":[{"width":1640,"height":925,"url":"https:\/\/www.centreon.com\/wp-content\/uploads\/2022\/10\/Centreon_Monitoring_Academy_Training.png","type":"image\/png"}],"author":"Thomas","twitter_card":"summary_large_image","twitter_creator":"@CentreonFR","twitter_site":"@CentreonFR","twitter_misc":{"\u00c9crit par":"Thomas","Dur\u00e9e de lecture estim\u00e9e":"4 minutes"},"schema":{"@context":"https:\/\/schema.org","@graph":[{"@type":"Article","@id":"https:\/\/www.centreon.com\/fr\/rentree-2019-integrez-la-centreon-monitoring-academy\/#article","isPartOf":{"@id":"https:\/\/www.centreon.com\/fr\/rentree-2019-integrez-la-centreon-monitoring-academy\/"},"author":{"name":"Thomas","@id":"https:\/\/www.centreon.com\/fr\/#\/schema\/person\/c5bd0f4e75adbd1ee75f5d1f8a7ff419"},"headline":"Rentr\u00e9e 2019 : int\u00e9grez la Centreon Monitoring Academy","datePublished":"2019-09-11T13:42:40+00:00","dateModified":"2023-12-22T09:57:13+00:00","mainEntityOfPage":{"@id":"https:\/\/www.centreon.com\/fr\/rentree-2019-integrez-la-centreon-monitoring-academy\/"},"wordCount":1021,"publisher":{"@id":"https:\/\/www.centreon.com\/fr\/#organization"},"image":{"@id":"https:\/\/www.centreon.com\/fr\/rentree-2019-integrez-la-centreon-monitoring-academy\/#primaryimage"},"thumbnailUrl":"https:\/\/www.centreon.com\/uploads\/2022\/10\/Centreon_Monitoring_Academy_Training.png","inLanguage":"fr-FR"},{"@type":"WebPage","@id":"https:\/\/www.centreon.com\/fr\/rentree-2019-integrez-la-centreon-monitoring-academy\/","url":"https:\/\/www.centreon.com\/fr\/rentree-2019-integrez-la-centreon-monitoring-academy\/","name":"Rentr\u00e9e 2019 : int\u00e9grez la Centreon Monitoring Academy","isPartOf":{"@id":"https:\/\/www.centreon.com\/fr\/#website"},"primaryImageOfPage":{"@id":"https:\/\/www.centreon.com\/fr\/rentree-2019-integrez-la-centreon-monitoring-academy\/#primaryimage"},"image":{"@id":"https:\/\/www.centreon.com\/fr\/rentree-2019-integrez-la-centreon-monitoring-academy\/#primaryimage"},"thumbnailUrl":"https:\/\/www.centreon.com\/uploads\/2022\/10\/Centreon_Monitoring_Academy_Training.png","datePublished":"2019-09-11T13:42:40+00:00","dateModified":"2023-12-22T09:57:13+00:00","description":"Dans ce billet de blog, d\u00e9couvrez les nouveaux parcours propos\u00e9s par Centreon Monitoring Academy, allez c\u2019est parti !","breadcrumb":{"@id":"https:\/\/www.centreon.com\/fr\/rentree-2019-integrez-la-centreon-monitoring-academy\/#breadcrumb"},"inLanguage":"fr-FR","potentialAction":[{"@type":"ReadAction","target":["https:\/\/www.centreon.com\/fr\/rentree-2019-integrez-la-centreon-monitoring-academy\/"]}]},{"@type":"ImageObject","inLanguage":"fr-FR","@id":"https:\/\/www.centreon.com\/fr\/rentree-2019-integrez-la-centreon-monitoring-academy\/#primaryimage","url":"https:\/\/www.centreon.com\/uploads\/2022\/10\/Centreon_Monitoring_Academy_Training.png","contentUrl":"https:\/\/www.centreon.com\/uploads\/2022\/10\/Centreon_Monitoring_Academy_Training.png","width":1640,"height":925},{"@type":"BreadcrumbList","@id":"https:\/\/www.centreon.com\/fr\/rentree-2019-integrez-la-centreon-monitoring-academy\/#breadcrumb","itemListElement":[{"@type":"ListItem","position":1,"name":"Home","item":"https:\/\/www.centreon.com\/fr\/"},{"@type":"ListItem","position":2,"name":"Rentr\u00e9e 2019 : int\u00e9grez la Centreon Monitoring Academy"}]},{"@type":"WebSite","@id":"https:\/\/www.centreon.com\/fr\/#website","url":"https:\/\/www.centreon.com\/fr\/","name":"Centreon","description":"Just another WordPress site","publisher":{"@id":"https:\/\/www.centreon.com\/fr\/#organization"},"potentialAction":[{"@type":"SearchAction","target":{"@type":"EntryPoint","urlTemplate":"https:\/\/www.centreon.com\/fr\/?s={search_term_string}"},"query-input":{"@type":"PropertyValueSpecification","valueRequired":true,"valueName":"search_term_string"}}],"inLanguage":"fr-FR"},{"@type":"Organization","@id":"https:\/\/www.centreon.com\/fr\/#organization","name":"Centreon","url":"https:\/\/www.centreon.com\/fr\/","logo":{"@type":"ImageObject","inLanguage":"fr-FR","@id":"https:\/\/www.centreon.com\/fr\/#\/schema\/logo\/image\/","url":"https:\/\/www.centreon.com\/wp-content\/uploads\/2023\/07\/Logo_Centreon_Email_Signature_light_02.png","contentUrl":"https:\/\/www.centreon.com\/wp-content\/uploads\/2023\/07\/Logo_Centreon_Email_Signature_light_02.png","width":180,"height":42,"caption":"Centreon"},"image":{"@id":"https:\/\/www.centreon.com\/fr\/#\/schema\/logo\/image\/"},"sameAs":["https:\/\/www.facebook.com\/CentreonMonitoring\/","https:\/\/x.com\/CentreonFR","https:\/\/www.linkedin.com\/company\/centreonsoftware\/","https:\/\/www.youtube.com\/channel\/UCIKJKvZ8acLmEg2fCdDzsvA","https:\/\/fr.wikipedia.org\/wiki\/Centreon"]},{"@type":"Person","@id":"https:\/\/www.centreon.com\/fr\/#\/schema\/person\/c5bd0f4e75adbd1ee75f5d1f8a7ff419","name":"Thomas","image":{"@type":"ImageObject","inLanguage":"fr-FR","@id":"https:\/\/www.centreon.com\/fr\/#\/schema\/person\/image\/","url":"https:\/\/secure.gravatar.com\/avatar\/1d4c181e1a496d3d6d25441adb6830a23883e0f93ed97a30e4616fea3c950268?s=96&d=mm&r=g","contentUrl":"https:\/\/secure.gravatar.com\/avatar\/1d4c181e1a496d3d6d25441adb6830a23883e0f93ed97a30e4616fea3c950268?s=96&d=mm&r=g","caption":"Thomas"},"sameAs":["http:\/\/centreon.stagewink.com"]}]}},"_links":{"self":[{"href":"https:\/\/www.centreon.com\/fr\/wp-json\/wp\/v2\/posts\/19430","targetHints":{"allow":["GET"]}}],"collection":[{"href":"https:\/\/www.centreon.com\/fr\/wp-json\/wp\/v2\/posts"}],"about":[{"href":"https:\/\/www.centreon.com\/fr\/wp-json\/wp\/v2\/types\/post"}],"author":[{"embeddable":true,"href":"https:\/\/www.centreon.com\/fr\/wp-json\/wp\/v2\/users\/1"}],"replies":[{"embeddable":true,"href":"https:\/\/www.centreon.com\/fr\/wp-json\/wp\/v2\/comments?post=19430"}],"version-history":[{"count":1,"href":"https:\/\/www.centreon.com\/fr\/wp-json\/wp\/v2\/posts\/19430\/revisions"}],"predecessor-version":[{"id":34352,"href":"https:\/\/www.centreon.com\/fr\/wp-json\/wp\/v2\/posts\/19430\/revisions\/34352"}],"wp:featuredmedia":[{"embeddable":true,"href":"https:\/\/www.centreon.com\/fr\/wp-json\/wp\/v2\/media\/4839"}],"wp:attachment":[{"href":"https:\/\/www.centreon.com\/fr\/wp-json\/wp\/v2\/media?parent=19430"}],"wp:term":[{"taxonomy":"post-type","embeddable":true,"href":"https:\/\/www.centreon.com\/fr\/wp-json\/wp\/v2\/post-type?post=19430"},{"taxonomy":"theme","embeddable":true,"href":"https:\/\/www.centreon.com\/fr\/wp-json\/wp\/v2\/theme?post=19430"}],"curies":[{"name":"wp","href":"https:\/\/api.w.org\/{rel}","templated":true}]}}