{"id":19416,"date":"2019-05-29T08:16:59","date_gmt":"2019-05-29T08:16:59","guid":{"rendered":"https:\/\/www.centreon.com\/centreon-convention-annuelle-du-crip-18-et-19-juin-2019\/"},"modified":"2023-12-22T10:47:22","modified_gmt":"2023-12-22T09:47:22","slug":"centreon-convention-annuelle-du-crip-18-et-19-juin-2019","status":"publish","type":"post","link":"https:\/\/www.centreon.com\/fr\/centreon-convention-annuelle-du-crip-18-et-19-juin-2019\/","title":{"rendered":"\u00c9changeons \u00e0 la Convention Annuelle du CRiP les 18 &#038; 19 juin 2019"},"content":{"rendered":"<p><span style=\"font-weight: 400;\">Avec ses 10\u00a0000 membres, le CRiP (Club des Responsables des Infrastructures et de la Production) organise chaque ann\u00e9e sa convention. Sur 2 jours, vous avez ainsi acc\u00e8s \u00e0 pr\u00e8s de 80 retours d\u2019exp\u00e9rience d\u2019entreprises, 40 pitchs de fournisseurs et acteurs innovants ainsi qu\u2019\u00e0 2 sessions pl\u00e9ni\u00e8res d\u2019ouverture.<\/span><\/p>\n<p><span style=\"font-weight: 400;\">Vous avez un peu de temps libre le 18 et\/ou 19 juin? Ne cherchez plus, rencontrons-nous \u00e0 la Convention Annuelle du CRiP (Espace Champerret &#8211; Paris) o\u00f9 vous pourrez suivre le retour d\u2019exp\u00e9rience live propos\u00e9 par FM Logistic\u00a0autour du th\u00e8me\u00a0: criticit\u00e9 de la supervision IT en environnement hybride pour un acteur logistique de premier plan. Et en plus, nous avons m\u00eame des<strong> invitations gratuites<\/strong> pour vous !<\/span><\/p>\n<p><span style=\"font-weight: 400;\">Ne ratez pas une occasion d\u2019\u00e9changer\u00a0avec nous : <\/span><\/p>\n<ul>\n<li style=\"font-weight: 400;\"><b>18 &amp; 19 juin 2019\u00a0: Rencontrez l\u2019\u00e9quipe Centreon Stand 320<\/b><span style=\"font-weight: 400;\"> et venez d\u00e9couvrir notre derni\u00e8re version Centreon EMS 19.04 \u00e0 travers nos sessions de d\u00e9mo live.<br \/>\n<\/span><\/li>\n<li style=\"font-weight: 400;\"><b>19 juin 2019 \u00e0 11h55\u00a0: Pitch Techno Centreon dans le Village IT Services \/ IT Management\u00a0: <\/b><b>Traiter sereinement la\u00a0schizophr\u00e9nie de l\u2019IT d\u2019aujourd\u2019hui<\/b><span style=\"font-weight: 400;\">.<br \/>\n<\/span><i><i>Centreon observe les infrastructures informatiques depuis 15 ans, au sens propre comme au sens figur\u00e9 ! La tendance actuelle ? Plus on utilise les derni\u00e8res technologies \u00e0 la mode pour virtualiser les applications, plus il s&rsquo;agit en fait d&rsquo;am\u00e9liorer l&rsquo;exp\u00e9rience utilisateur dans le monde r\u00e9el, l\u00e0 o\u00f9 se trouvent les usagers, les clients. D&rsquo;o\u00f9 la schizophr\u00e9nie potentielle des solutions de supervision, qui doivent faire le grand \u00e9cart entre IoT et services Cloud, entre monde physique et monde virtuel. Centreon propose plusieurs pistes pour r\u00e9concilier ces deux visions du monde IT.<\/i><\/i><\/li>\n<li style=\"font-weight: 400;\"><b>19 juin 2019 \u00e0 14h00, toujours dans le village <\/b><b>IT Services \/ IT Management : Retour d\u2019exp\u00e9rience live FM Logistic<\/b> <b>\u00a0\u00ab Criticit\u00e9 de la supervision IT en environnement hybride pour un acteur logistique de premier plan \u00bb<\/b><span style=\"font-weight: 400;\">, anim\u00e9 par Olivier HAMEL, Responsable Op\u00e9rations du Syst\u00e8me d&rsquo;Information..<br \/>\n<\/span><i>Avec 183 sites dans 14 pays, FM Logistic op\u00e8re dans un monde fortement concurrentiel o\u00f9 tout est visible. Avec de nouveaux challenges d\u2019hybridation \u00e0 relever, la Direction des op\u00e9rations IT s\u2019efforce de garantir la performance de la cha\u00eene logistique de l\u2019entreprise. Embarquez dans les coulisses IT d\u2019une supply chain sous tension avec FM Logistic, r\u00e9f\u00e9rence internationale de la cha\u00eene logistique par le biais de la relation client, l\u2019innovation et l\u2019excellence op\u00e9rationnelle.<\/i><\/li>\n<\/ul>\n<p>&nbsp;<\/p>\n<p style=\"text-align: center;\"><span style=\"font-weight: 400;\">*********************************<\/span><\/p>\n<p style=\"text-align: center;\"><span style=\"font-size: 12pt; color: #0072ce;\"><b>Invitations gratuites \u2013 Inscrivez-vous \u00e0 la Convention du CRIP gr\u00e2ce \u00e0 notre code sponsor\u00a0!<br \/>\n<\/b><\/span>En tant que Partenaire privil\u00e9gi\u00e9 du CRiP, Centreon b\u00e9n\u00e9ficie\u00a0d\u2019invitations gratuites accessibles uniquement aux Utilisateurs Finaux.<b><br \/>\n<\/b><b>Pour b\u00e9n\u00e9ficier d\u2019une entr\u00e9e gratuite, il vous suffit de vous rendre sur la\u00a0<\/b><a href=\"https:\/\/www.crip-asso.fr\/convention2019\/\" target=\"_blank\" rel=\"noopener noreferrer\"><b>page d\u2019inscription<\/b><\/a><b>\u00a0et d\u2019indiquer le\u00a0code invitation suivant :\u00a0462CEN.\u00a0<\/b><\/p>\n<p style=\"text-align: center;\"><span style=\"font-weight: 400;\">*********************************<\/span><\/p>\n<p>&nbsp;<\/p>\n<p><span style=\"font-size: 14pt;\"><b><span style=\"\">Pourquoi participer \u00e0 la Convention Annuelle du CRiP\u00a0?<\/span> <\/b><\/span><\/p>\n<p><span style=\"font-weight: 400;\">Pendant 2 jours, la Convention vous permet de :\u00a0<\/span><\/p>\n<ul>\n<li style=\"font-weight: 400;\"><b>Vous forger une opinion en toute objectivit\u00e9 : <\/b><span style=\"font-weight: 400;\">L&rsquo;ind\u00e9pendance du CRiP vis-\u00e0-vis des fournisseurs est le garant de contenus objectifs produits par ses Groupes de Travail.<\/span><\/li>\n<li style=\"font-weight: 400;\"><b>D\u00e9couvrir, \u00e0 travers pr\u00e8s de 80 retours d&rsquo;exp\u00e9riences de la vraie vie, une mise en production d&rsquo;une technologie ou d&rsquo;un service dans un des 4 villages th\u00e9matiques: <\/b><span style=\"font-weight: 400;\">B\u00e9n\u00e9fices retir\u00e9s, bonnes pratiques, points de vigilance, \u00a0impacts organisationnels et degr\u00e9 de maturit\u00e9.<\/span><\/li>\n<li style=\"font-weight: 400;\"><b>Assister aux restitutions des travaux annuels des 14 Groupes de travail du CRiP\u00a0<\/b><span style=\"font-weight: 400;\">avec l&rsquo;ensemble de leurs livrables disponibles sur le stand CRiP. <\/span><\/li>\n<li style=\"font-weight: 400;\"><b>Appr\u00e9hender l&rsquo;avenir de votre m\u00e9tier : <\/b><span style=\"font-weight: 400;\">Partagez et repartez avec les cl\u00e9s de compr\u00e9hension des nouvelles technologies et d\u00e9couvrez des exp\u00e9rimentations en cours dans les grands comptes et administrations fran\u00e7aises.<\/span><\/li>\n<li style=\"font-weight: 400;\"><b>\u00c9valuer si ces pratiques ou technologies ont un int\u00e9r\u00eat pour votre entreprise ou organisation :<\/b><span style=\"font-weight: 400;\"> Conna\u00eetre les implications sur le terrain, les limitations op\u00e9rationnelles et l&rsquo;ad\u00e9quation aux M\u00e9tiers.<\/span><\/li>\n<li style=\"font-weight: 400;\"><b>Acqu\u00e9rir les cl\u00e9s de compr\u00e9hension pour r\u00e9diger un appel d&rsquo;offres :<\/b><span style=\"font-weight: 400;\"> Comprendre les nouvelles technologies et solutions pour mieux les ma\u00eetriser.<\/span><\/li>\n<li style=\"font-weight: 400;\"><b>Rencontrer 120 fournisseurs et comparer leurs offres :<\/b><span style=\"font-weight: 400;\"> Profiter d&rsquo;un cadre exceptionnel et convivial qui rassemble l&rsquo;ensemble du secteur \u00ab\u00a0Infrastructure et Production IT\u00a0\u00bb en un seul lieu.<\/span><\/li>\n<li style=\"font-weight: 400;\"><b>Rencontrez des acteurs innovants :\u00a0<\/b><span style=\"font-weight: 400;\">70 pitchs de fournisseurs dont une vingtaine de start ups.<\/span><\/li>\n<li style=\"font-weight: 400;\"><b>Nouer des liens de proximit\u00e9 et accro\u00eetre son r\u00e9seau professionnel au sein de l&rsquo;\u00e9cosyst\u00e8me : <\/b><span style=\"font-weight: 400;\">Rencontrer ses pairs, \u00a0les partenaires technologiques et \u00e9changer avec eux sur les sujets concrets du moment et les perspectives du secteur.<\/span><\/li>\n<\/ul>\n<p><a href=\"https:\/\/www.crip-asso.fr\/convention2019\/\" target=\"_blank\" rel=\"noopener noreferrer\">Voir le programme complet.<\/a><\/p>\n<p><b>Restons en contact !<\/b><\/p>\n<ul>\n<li style=\"font-weight: 400;\"><span style=\"font-weight: 400;\">Actualit\u00e9s, bonnes pratiques, \u00e9v\u00e9nements, communiqu\u00e9s de presse, tribunes d\u2019expert, retours d\u2019exp\u00e9rience clients&#8230;\u00a0<\/span><a href=\"https:\/\/www.centreon.com\/blog\/\"><span style=\"font-weight: 400;\">Visitez notre blog !<\/span><\/a><\/li>\n<li style=\"font-weight: 400;\"><span style=\"font-weight: 400;\">Inscrivez-vous \u00e0 notre newsletter pour recevoir nos derni\u00e8res actualit\u00e9s par mail chaque mois.\u00a0<\/span><span style=\"font-weight: 400;\"><a href=\"http:\/\/www2.centreon.com\/inscription-newsletter-Centreon\">Cliquez ici.<\/a><\/span><\/li>\n<li style=\"font-weight: 400;\">Suivez-vous sur les r\u00e9seaux sociaux :\u00a0<a href=\"https:\/\/www.linkedin.com\/company\/merethis\/\">LinkedIN Page<\/a>\u00a0\u2013\u00a0<a href=\"https:\/\/twitter.com\/CentreonFR\">Twitter<\/a>\u00a0\u2013\u00a0<a href=\"https:\/\/www.facebook.com\/CentreonMonitoring\/\">Facebook<\/a>.<\/li>\n<\/ul>\n","protected":false},"excerpt":{"rendered":"<p>Avec ses 10\u00a0000 membres, le CRiP (Club des Responsables des Infrastructures et de la Production) organise chaque ann\u00e9e sa convention. Sur 2 jours, vous avez ainsi acc\u00e8s \u00e0 pr\u00e8s de 80 retours d\u2019exp\u00e9rience d\u2019entreprises, 40&nbsp;&#8230;<\/p>\n","protected":false},"author":1,"featured_media":20887,"comment_status":"closed","ping_status":"closed","sticky":false,"template":"","format":"standard","meta":{"_acf_changed":false,"footnotes":""},"post-type":[98],"theme":[1009],"class_list":["post-19416","post","type-post","status-publish","format-standard","has-post-thumbnail","hentry","post-type-actualites","theme-event-fr"],"acf":[],"yoast_head":"<!-- This site is optimized with the Yoast SEO plugin v26.6 - https:\/\/yoast.com\/wordpress\/plugins\/seo\/ -->\n<title>Centreon \u00e0 la Convention Annuelle du CRiP<\/title>\n<meta name=\"description\" content=\"RDV au CRiP o\u00f9 vous pourrez suivre le retour d\u2019exp\u00e9rience propos\u00e9 par FM Logistic autour du th\u00e8me : criticit\u00e9 de la supervision IT.\" \/>\n<meta name=\"robots\" content=\"index, follow, max-snippet:-1, max-image-preview:large, max-video-preview:-1\" \/>\n<link rel=\"canonical\" href=\"https:\/\/www.centreon.com\/fr\/centreon-convention-annuelle-du-crip-18-et-19-juin-2019\/\" \/>\n<meta property=\"og:locale\" content=\"fr_FR\" \/>\n<meta property=\"og:type\" content=\"article\" \/>\n<meta property=\"og:title\" content=\"Centreon \u00e0 la Convention Annuelle du CRiP\" \/>\n<meta property=\"og:description\" content=\"RDV au CRiP o\u00f9 vous pourrez suivre le retour d\u2019exp\u00e9rience propos\u00e9 par FM Logistic autour du th\u00e8me : criticit\u00e9 de la supervision IT.\" \/>\n<meta property=\"og:url\" content=\"https:\/\/www.centreon.com\/fr\/centreon-convention-annuelle-du-crip-18-et-19-juin-2019\/\" \/>\n<meta property=\"og:site_name\" content=\"Centreon\" \/>\n<meta property=\"article:publisher\" content=\"https:\/\/www.facebook.com\/CentreonMonitoring\/\" \/>\n<meta property=\"article:published_time\" content=\"2019-05-29T08:16:59+00:00\" \/>\n<meta property=\"article:modified_time\" content=\"2023-12-22T09:47:22+00:00\" \/>\n<meta property=\"og:image\" content=\"https:\/\/www.centreon.com\/wp-content\/uploads\/2019\/05\/Centreon-supervision-CRiP.jpg\" \/>\n\t<meta property=\"og:image:width\" content=\"1000\" \/>\n\t<meta property=\"og:image:height\" content=\"662\" \/>\n\t<meta property=\"og:image:type\" content=\"image\/jpeg\" \/>\n<meta name=\"author\" content=\"Thomas\" \/>\n<meta name=\"twitter:card\" content=\"summary_large_image\" \/>\n<meta name=\"twitter:creator\" content=\"@CentreonFR\" \/>\n<meta name=\"twitter:site\" content=\"@CentreonFR\" \/>\n<meta name=\"twitter:label1\" content=\"\u00c9crit par\" \/>\n\t<meta name=\"twitter:data1\" content=\"Thomas\" \/>\n\t<meta name=\"twitter:label2\" content=\"Dur\u00e9e de lecture estim\u00e9e\" \/>\n\t<meta name=\"twitter:data2\" content=\"4 minutes\" \/>\n<script type=\"application\/ld+json\" class=\"yoast-schema-graph\">{\"@context\":\"https:\/\/schema.org\",\"@graph\":[{\"@type\":\"Article\",\"@id\":\"https:\/\/www.centreon.com\/fr\/centreon-convention-annuelle-du-crip-18-et-19-juin-2019\/#article\",\"isPartOf\":{\"@id\":\"https:\/\/www.centreon.com\/fr\/centreon-convention-annuelle-du-crip-18-et-19-juin-2019\/\"},\"author\":{\"name\":\"Thomas\",\"@id\":\"https:\/\/www.centreon.com\/fr\/#\/schema\/person\/c5bd0f4e75adbd1ee75f5d1f8a7ff419\"},\"headline\":\"\u00c9changeons \u00e0 la Convention Annuelle du CRiP les 18 &#038; 19 juin 2019\",\"datePublished\":\"2019-05-29T08:16:59+00:00\",\"dateModified\":\"2023-12-22T09:47:22+00:00\",\"mainEntityOfPage\":{\"@id\":\"https:\/\/www.centreon.com\/fr\/centreon-convention-annuelle-du-crip-18-et-19-juin-2019\/\"},\"wordCount\":808,\"publisher\":{\"@id\":\"https:\/\/www.centreon.com\/fr\/#organization\"},\"image\":{\"@id\":\"https:\/\/www.centreon.com\/fr\/centreon-convention-annuelle-du-crip-18-et-19-juin-2019\/#primaryimage\"},\"thumbnailUrl\":\"https:\/\/www.centreon.com\/uploads\/2019\/05\/Centreon-supervision-CRiP.jpg\",\"inLanguage\":\"fr-FR\"},{\"@type\":\"WebPage\",\"@id\":\"https:\/\/www.centreon.com\/fr\/centreon-convention-annuelle-du-crip-18-et-19-juin-2019\/\",\"url\":\"https:\/\/www.centreon.com\/fr\/centreon-convention-annuelle-du-crip-18-et-19-juin-2019\/\",\"name\":\"Centreon \u00e0 la Convention Annuelle du CRiP\",\"isPartOf\":{\"@id\":\"https:\/\/www.centreon.com\/fr\/#website\"},\"primaryImageOfPage\":{\"@id\":\"https:\/\/www.centreon.com\/fr\/centreon-convention-annuelle-du-crip-18-et-19-juin-2019\/#primaryimage\"},\"image\":{\"@id\":\"https:\/\/www.centreon.com\/fr\/centreon-convention-annuelle-du-crip-18-et-19-juin-2019\/#primaryimage\"},\"thumbnailUrl\":\"https:\/\/www.centreon.com\/uploads\/2019\/05\/Centreon-supervision-CRiP.jpg\",\"datePublished\":\"2019-05-29T08:16:59+00:00\",\"dateModified\":\"2023-12-22T09:47:22+00:00\",\"description\":\"RDV au CRiP o\u00f9 vous pourrez suivre le retour d\u2019exp\u00e9rience propos\u00e9 par FM Logistic autour du th\u00e8me : criticit\u00e9 de la supervision IT.\",\"breadcrumb\":{\"@id\":\"https:\/\/www.centreon.com\/fr\/centreon-convention-annuelle-du-crip-18-et-19-juin-2019\/#breadcrumb\"},\"inLanguage\":\"fr-FR\",\"potentialAction\":[{\"@type\":\"ReadAction\",\"target\":[\"https:\/\/www.centreon.com\/fr\/centreon-convention-annuelle-du-crip-18-et-19-juin-2019\/\"]}]},{\"@type\":\"ImageObject\",\"inLanguage\":\"fr-FR\",\"@id\":\"https:\/\/www.centreon.com\/fr\/centreon-convention-annuelle-du-crip-18-et-19-juin-2019\/#primaryimage\",\"url\":\"https:\/\/www.centreon.com\/uploads\/2019\/05\/Centreon-supervision-CRiP.jpg\",\"contentUrl\":\"https:\/\/www.centreon.com\/uploads\/2019\/05\/Centreon-supervision-CRiP.jpg\",\"width\":1000,\"height\":662},{\"@type\":\"BreadcrumbList\",\"@id\":\"https:\/\/www.centreon.com\/fr\/centreon-convention-annuelle-du-crip-18-et-19-juin-2019\/#breadcrumb\",\"itemListElement\":[{\"@type\":\"ListItem\",\"position\":1,\"name\":\"Home\",\"item\":\"https:\/\/www.centreon.com\/fr\/\"},{\"@type\":\"ListItem\",\"position\":2,\"name\":\"\u00c9changeons \u00e0 la Convention Annuelle du CRiP les 18 &#038; 19 juin 2019\"}]},{\"@type\":\"WebSite\",\"@id\":\"https:\/\/www.centreon.com\/fr\/#website\",\"url\":\"https:\/\/www.centreon.com\/fr\/\",\"name\":\"Centreon\",\"description\":\"Just another WordPress site\",\"publisher\":{\"@id\":\"https:\/\/www.centreon.com\/fr\/#organization\"},\"potentialAction\":[{\"@type\":\"SearchAction\",\"target\":{\"@type\":\"EntryPoint\",\"urlTemplate\":\"https:\/\/www.centreon.com\/fr\/?s={search_term_string}\"},\"query-input\":{\"@type\":\"PropertyValueSpecification\",\"valueRequired\":true,\"valueName\":\"search_term_string\"}}],\"inLanguage\":\"fr-FR\"},{\"@type\":\"Organization\",\"@id\":\"https:\/\/www.centreon.com\/fr\/#organization\",\"name\":\"Centreon\",\"url\":\"https:\/\/www.centreon.com\/fr\/\",\"logo\":{\"@type\":\"ImageObject\",\"inLanguage\":\"fr-FR\",\"@id\":\"https:\/\/www.centreon.com\/fr\/#\/schema\/logo\/image\/\",\"url\":\"https:\/\/www.centreon.com\/wp-content\/uploads\/2023\/07\/Logo_Centreon_Email_Signature_light_02.png\",\"contentUrl\":\"https:\/\/www.centreon.com\/wp-content\/uploads\/2023\/07\/Logo_Centreon_Email_Signature_light_02.png\",\"width\":180,\"height\":42,\"caption\":\"Centreon\"},\"image\":{\"@id\":\"https:\/\/www.centreon.com\/fr\/#\/schema\/logo\/image\/\"},\"sameAs\":[\"https:\/\/www.facebook.com\/CentreonMonitoring\/\",\"https:\/\/x.com\/CentreonFR\",\"https:\/\/www.linkedin.com\/company\/centreonsoftware\/\",\"https:\/\/www.youtube.com\/channel\/UCIKJKvZ8acLmEg2fCdDzsvA\",\"https:\/\/fr.wikipedia.org\/wiki\/Centreon\"]},{\"@type\":\"Person\",\"@id\":\"https:\/\/www.centreon.com\/fr\/#\/schema\/person\/c5bd0f4e75adbd1ee75f5d1f8a7ff419\",\"name\":\"Thomas\",\"image\":{\"@type\":\"ImageObject\",\"inLanguage\":\"fr-FR\",\"@id\":\"https:\/\/www.centreon.com\/fr\/#\/schema\/person\/image\/\",\"url\":\"https:\/\/secure.gravatar.com\/avatar\/1d4c181e1a496d3d6d25441adb6830a23883e0f93ed97a30e4616fea3c950268?s=96&d=mm&r=g\",\"contentUrl\":\"https:\/\/secure.gravatar.com\/avatar\/1d4c181e1a496d3d6d25441adb6830a23883e0f93ed97a30e4616fea3c950268?s=96&d=mm&r=g\",\"caption\":\"Thomas\"},\"sameAs\":[\"http:\/\/centreon.stagewink.com\"]}]}<\/script>\n<!-- \/ Yoast SEO plugin. -->","yoast_head_json":{"title":"Centreon \u00e0 la Convention Annuelle du CRiP","description":"RDV au CRiP o\u00f9 vous pourrez suivre le retour d\u2019exp\u00e9rience propos\u00e9 par FM Logistic autour du th\u00e8me : criticit\u00e9 de la supervision IT.","robots":{"index":"index","follow":"follow","max-snippet":"max-snippet:-1","max-image-preview":"max-image-preview:large","max-video-preview":"max-video-preview:-1"},"canonical":"https:\/\/www.centreon.com\/fr\/centreon-convention-annuelle-du-crip-18-et-19-juin-2019\/","og_locale":"fr_FR","og_type":"article","og_title":"Centreon \u00e0 la Convention Annuelle du CRiP","og_description":"RDV au CRiP o\u00f9 vous pourrez suivre le retour d\u2019exp\u00e9rience propos\u00e9 par FM Logistic autour du th\u00e8me : criticit\u00e9 de la supervision IT.","og_url":"https:\/\/www.centreon.com\/fr\/centreon-convention-annuelle-du-crip-18-et-19-juin-2019\/","og_site_name":"Centreon","article_publisher":"https:\/\/www.facebook.com\/CentreonMonitoring\/","article_published_time":"2019-05-29T08:16:59+00:00","article_modified_time":"2023-12-22T09:47:22+00:00","og_image":[{"width":1000,"height":662,"url":"https:\/\/www.centreon.com\/wp-content\/uploads\/2019\/05\/Centreon-supervision-CRiP.jpg","type":"image\/jpeg"}],"author":"Thomas","twitter_card":"summary_large_image","twitter_creator":"@CentreonFR","twitter_site":"@CentreonFR","twitter_misc":{"\u00c9crit par":"Thomas","Dur\u00e9e de lecture estim\u00e9e":"4 minutes"},"schema":{"@context":"https:\/\/schema.org","@graph":[{"@type":"Article","@id":"https:\/\/www.centreon.com\/fr\/centreon-convention-annuelle-du-crip-18-et-19-juin-2019\/#article","isPartOf":{"@id":"https:\/\/www.centreon.com\/fr\/centreon-convention-annuelle-du-crip-18-et-19-juin-2019\/"},"author":{"name":"Thomas","@id":"https:\/\/www.centreon.com\/fr\/#\/schema\/person\/c5bd0f4e75adbd1ee75f5d1f8a7ff419"},"headline":"\u00c9changeons \u00e0 la Convention Annuelle du CRiP les 18 &#038; 19 juin 2019","datePublished":"2019-05-29T08:16:59+00:00","dateModified":"2023-12-22T09:47:22+00:00","mainEntityOfPage":{"@id":"https:\/\/www.centreon.com\/fr\/centreon-convention-annuelle-du-crip-18-et-19-juin-2019\/"},"wordCount":808,"publisher":{"@id":"https:\/\/www.centreon.com\/fr\/#organization"},"image":{"@id":"https:\/\/www.centreon.com\/fr\/centreon-convention-annuelle-du-crip-18-et-19-juin-2019\/#primaryimage"},"thumbnailUrl":"https:\/\/www.centreon.com\/uploads\/2019\/05\/Centreon-supervision-CRiP.jpg","inLanguage":"fr-FR"},{"@type":"WebPage","@id":"https:\/\/www.centreon.com\/fr\/centreon-convention-annuelle-du-crip-18-et-19-juin-2019\/","url":"https:\/\/www.centreon.com\/fr\/centreon-convention-annuelle-du-crip-18-et-19-juin-2019\/","name":"Centreon \u00e0 la Convention Annuelle du CRiP","isPartOf":{"@id":"https:\/\/www.centreon.com\/fr\/#website"},"primaryImageOfPage":{"@id":"https:\/\/www.centreon.com\/fr\/centreon-convention-annuelle-du-crip-18-et-19-juin-2019\/#primaryimage"},"image":{"@id":"https:\/\/www.centreon.com\/fr\/centreon-convention-annuelle-du-crip-18-et-19-juin-2019\/#primaryimage"},"thumbnailUrl":"https:\/\/www.centreon.com\/uploads\/2019\/05\/Centreon-supervision-CRiP.jpg","datePublished":"2019-05-29T08:16:59+00:00","dateModified":"2023-12-22T09:47:22+00:00","description":"RDV au CRiP o\u00f9 vous pourrez suivre le retour d\u2019exp\u00e9rience propos\u00e9 par FM Logistic autour du th\u00e8me : criticit\u00e9 de la supervision IT.","breadcrumb":{"@id":"https:\/\/www.centreon.com\/fr\/centreon-convention-annuelle-du-crip-18-et-19-juin-2019\/#breadcrumb"},"inLanguage":"fr-FR","potentialAction":[{"@type":"ReadAction","target":["https:\/\/www.centreon.com\/fr\/centreon-convention-annuelle-du-crip-18-et-19-juin-2019\/"]}]},{"@type":"ImageObject","inLanguage":"fr-FR","@id":"https:\/\/www.centreon.com\/fr\/centreon-convention-annuelle-du-crip-18-et-19-juin-2019\/#primaryimage","url":"https:\/\/www.centreon.com\/uploads\/2019\/05\/Centreon-supervision-CRiP.jpg","contentUrl":"https:\/\/www.centreon.com\/uploads\/2019\/05\/Centreon-supervision-CRiP.jpg","width":1000,"height":662},{"@type":"BreadcrumbList","@id":"https:\/\/www.centreon.com\/fr\/centreon-convention-annuelle-du-crip-18-et-19-juin-2019\/#breadcrumb","itemListElement":[{"@type":"ListItem","position":1,"name":"Home","item":"https:\/\/www.centreon.com\/fr\/"},{"@type":"ListItem","position":2,"name":"\u00c9changeons \u00e0 la Convention Annuelle du CRiP les 18 &#038; 19 juin 2019"}]},{"@type":"WebSite","@id":"https:\/\/www.centreon.com\/fr\/#website","url":"https:\/\/www.centreon.com\/fr\/","name":"Centreon","description":"Just another WordPress site","publisher":{"@id":"https:\/\/www.centreon.com\/fr\/#organization"},"potentialAction":[{"@type":"SearchAction","target":{"@type":"EntryPoint","urlTemplate":"https:\/\/www.centreon.com\/fr\/?s={search_term_string}"},"query-input":{"@type":"PropertyValueSpecification","valueRequired":true,"valueName":"search_term_string"}}],"inLanguage":"fr-FR"},{"@type":"Organization","@id":"https:\/\/www.centreon.com\/fr\/#organization","name":"Centreon","url":"https:\/\/www.centreon.com\/fr\/","logo":{"@type":"ImageObject","inLanguage":"fr-FR","@id":"https:\/\/www.centreon.com\/fr\/#\/schema\/logo\/image\/","url":"https:\/\/www.centreon.com\/wp-content\/uploads\/2023\/07\/Logo_Centreon_Email_Signature_light_02.png","contentUrl":"https:\/\/www.centreon.com\/wp-content\/uploads\/2023\/07\/Logo_Centreon_Email_Signature_light_02.png","width":180,"height":42,"caption":"Centreon"},"image":{"@id":"https:\/\/www.centreon.com\/fr\/#\/schema\/logo\/image\/"},"sameAs":["https:\/\/www.facebook.com\/CentreonMonitoring\/","https:\/\/x.com\/CentreonFR","https:\/\/www.linkedin.com\/company\/centreonsoftware\/","https:\/\/www.youtube.com\/channel\/UCIKJKvZ8acLmEg2fCdDzsvA","https:\/\/fr.wikipedia.org\/wiki\/Centreon"]},{"@type":"Person","@id":"https:\/\/www.centreon.com\/fr\/#\/schema\/person\/c5bd0f4e75adbd1ee75f5d1f8a7ff419","name":"Thomas","image":{"@type":"ImageObject","inLanguage":"fr-FR","@id":"https:\/\/www.centreon.com\/fr\/#\/schema\/person\/image\/","url":"https:\/\/secure.gravatar.com\/avatar\/1d4c181e1a496d3d6d25441adb6830a23883e0f93ed97a30e4616fea3c950268?s=96&d=mm&r=g","contentUrl":"https:\/\/secure.gravatar.com\/avatar\/1d4c181e1a496d3d6d25441adb6830a23883e0f93ed97a30e4616fea3c950268?s=96&d=mm&r=g","caption":"Thomas"},"sameAs":["http:\/\/centreon.stagewink.com"]}]}},"_links":{"self":[{"href":"https:\/\/www.centreon.com\/fr\/wp-json\/wp\/v2\/posts\/19416","targetHints":{"allow":["GET"]}}],"collection":[{"href":"https:\/\/www.centreon.com\/fr\/wp-json\/wp\/v2\/posts"}],"about":[{"href":"https:\/\/www.centreon.com\/fr\/wp-json\/wp\/v2\/types\/post"}],"author":[{"embeddable":true,"href":"https:\/\/www.centreon.com\/fr\/wp-json\/wp\/v2\/users\/1"}],"replies":[{"embeddable":true,"href":"https:\/\/www.centreon.com\/fr\/wp-json\/wp\/v2\/comments?post=19416"}],"version-history":[{"count":2,"href":"https:\/\/www.centreon.com\/fr\/wp-json\/wp\/v2\/posts\/19416\/revisions"}],"predecessor-version":[{"id":34342,"href":"https:\/\/www.centreon.com\/fr\/wp-json\/wp\/v2\/posts\/19416\/revisions\/34342"}],"wp:featuredmedia":[{"embeddable":true,"href":"https:\/\/www.centreon.com\/fr\/wp-json\/wp\/v2\/media\/20887"}],"wp:attachment":[{"href":"https:\/\/www.centreon.com\/fr\/wp-json\/wp\/v2\/media?parent=19416"}],"wp:term":[{"taxonomy":"post-type","embeddable":true,"href":"https:\/\/www.centreon.com\/fr\/wp-json\/wp\/v2\/post-type?post=19416"},{"taxonomy":"theme","embeddable":true,"href":"https:\/\/www.centreon.com\/fr\/wp-json\/wp\/v2\/theme?post=19416"}],"curies":[{"name":"wp","href":"https:\/\/api.w.org\/{rel}","templated":true}]}}