{"id":19412,"date":"2019-05-09T08:15:05","date_gmt":"2019-05-09T06:15:05","guid":{"rendered":"https:\/\/www.centreon.com\/il-y-a-plus-dun-cloud-dans-le-ciel\/"},"modified":"2023-12-21T17:25:20","modified_gmt":"2023-12-21T16:25:20","slug":"il-y-a-plus-dun-cloud-dans-le-ciel","status":"publish","type":"post","link":"https:\/\/www.centreon.com\/fr\/il-y-a-plus-dun-cloud-dans-le-ciel\/","title":{"rendered":"Il y a plus d\u2019un Cloud dans le ciel"},"content":{"rendered":"<h2><span style=\"font-size: 18pt; color: #0000dd;\"><b>G\u00e9rer des environnements multi-cloud<\/b><\/span><\/h2>\n<p><span style=\"font-weight: 400;\">Beaucoup d\u2019entre nous s\u2019en sont rendu compte : le cloud computing n\u2019est pas l\u2019affaire homog\u00e8ne que nous avons tendance \u00e0 imaginer. Il y a bien plus d\u2019un nuage dans le ciel et c\u2019est \u00e9galement de plus en plus le cas dans votre propre environnement. En fait, la d\u00e9finition cach\u00e9e du cloud computing pourrait bel et bien \u00eatre : \u201cun \u00e9ventail complexe de fournisseurs et leurs tribus de solutions de supervision\u201d. Mais plus votre environnement comporte de clouds plus il est compliqu\u00e9 de superviser et d\u2019analyser la disponibilit\u00e9 et la performance de votre infrastructure informatique.<\/span><\/p>\n<p><span style=\"font-weight: 400;\">Cet article vous invite \u00e0 prendre un peu de hauteur pour contempler le paysage cloud puis \u00e0 revenir sur Terre avec de strat\u00e9gies solides qui vous aideront \u00e0 superviser des environnements multi-cloud. Pas besoin d\u2019attacher votre ceinture de s\u00e9curit\u00e9, laissez vous emporter\u2026<\/span><\/p>\n<blockquote><p><span style=\"font-weight: 400;\">Vous pr\u00e9f\u00e9rez voir nos tutos avant de partir ? Les voici ! Et <\/span><a href=\"https:\/\/www2.centreon.com\/inscription-newsletter-Centreon\" target=\"_blank\" rel=\"noopener noreferrer\"><span style=\"font-weight: 400;\">abonnez-vous \u00e0 notre newsletter<\/span><\/a><span style=\"font-weight: 400;\"> pour les recevoir tous.<br \/>\n<\/span><a href=\"https:\/\/www.centreon.com\/blog\/superviser-aws-avec-centreon\/\" target=\"_blank\" rel=\"noopener noreferrer\">&#8211; Comment superviser Amazon Web Services<\/a><br \/>\n<a href=\"https:\/\/www.centreon.com\/blog\/superviser-microsoft-azure-avec-centreon\/\" target=\"_blank\" rel=\"noopener noreferrer\">&#8211; Comment superviser Microsoft Azure<\/a><\/p><\/blockquote>\n<p><span style=\"font-weight: 400;\">Si selon une r\u00e9cente \u00e9tude IDC <\/span><sup><span style=\"font-weight: 400;\">1<\/span><\/sup><span style=\"font-weight: 400;\">, 42% des entreprises utilisent des solutions multi-cloud, il appara\u00eet que la majorit\u00e9 d\u2019entre elles ont tendance \u00e0 penser de mani\u00e8re homog\u00e8ne &#8211; m\u00eame si en fait le mot \u201ccloud\u201d fait r\u00e9f\u00e9rence \u00e0 de nombreuses applications d\u00e9ploy\u00e9es par une multitude de fournisseurs. Cela veut dire que la plupart des entreprises pr\u00e9f\u00e9reraient g\u00e9rer leurs ressources cloud comme un seul et m\u00eame \u201cportefeuille\u201d. Mais la r\u00e9alit\u00e9 ne fait pas toujours bon m\u00e9nage avec ces attentes. Nous pouvons r\u00e9sumer la chose ainsi : g\u00e9rer un environnement multicloud, ce n\u2019est pas toujours de la tarte. <\/span><\/p>\n<p><span style=\"font-weight: 400;\">Voyez comment <\/span><a href=\"https:\/\/www.centreon.com\/blog\/3-raisons-irresistibles-dutiliser-centreon-ems-19-04-pour-votre-supervision-informatique\/\" target=\"_blank\" rel=\"noopener noreferrer\"><span style=\"font-weight: 400;\">Centreon EMS 19.04 facilite la supervision multicloud<\/span><\/a><span style=\"font-weight: 400;\">.<\/span><\/p>\n<p><span style=\"font-weight: 400;\">Il y a une bonne raison si la transition vers le cloud ne s\u2019est pas faite en un matin vers un fournisseur cloud unique : la plupart des entreprises ont choisi une large gamme de services cloud pour r\u00e9pondre \u00e0 une diversit\u00e9 de besoins, choisissant au cas par cas le meilleur fournisseur. N\u2019oublions pas que le plan \u00e9tait de gagner en agilit\u00e9, en r\u00e9silience et de r\u00e9duire les co\u00fbts : avantages difficiles \u00e0 garantir lorsqu\u2019on traite avec un fournisseur unique. Et puis suivent d\u2019autres raisons \u00e9videntes, telle que la s\u00e9curit\u00e9 ou les risques de d\u00e9pendance au dit-fournisseur.<\/span><\/p>\n<blockquote><p><strong>\u201cLes entreprises exploitent environ 5 outils cloud en moyenne &#8211; seulement 31% des PMEs ont une \u00e9quipe globale d\u00e9di\u00e9e au Cloud\u201d <sup>2<\/sup><\/strong><\/p><\/blockquote>\n<p><span style=\"font-weight: 400;\">Une architecture multi-cloud est donc la meilleure solution, plus accessible que jamais pour les PMEs. Mais le changement a divers impacts sur le quotidien des \u00e9quipes I&amp;O. Une architecture multi-cloud va \u00e9galement demander l\u2019adoption d\u2019une nouvelle approche dans l\u2019organisation et l&rsquo;ex\u00e9cution des Op\u00e9rations IT et de la supervision.<\/span><\/p>\n<h2><span style=\"font-size: 18pt; color: #0000dd;\"><b>Un ciel qui s\u2019assombrit<\/b><\/span><\/h2>\n<p><span style=\"font-weight: 400;\">L\u2019accentuation de la d\u00e9pendance \u00e0 un plus grand nombre de fournisseurs cloud met une pression suppl\u00e9mentaire au management et aux personnes charg\u00e9es de la supervision en premier front :<\/span><\/p>\n<ul>\n<li style=\"font-weight: 400;\"><span style=\"font-weight: 400;\">Les managers I&amp;O doivent d\u00e9cider quelle charge de travail convient le mieux \u00e0 un lieu &#8211; et ils doivent att\u00e9nuer la perte de contr\u00f4le des op\u00e9rations de supervision tout en restant enti\u00e8rement responsable de la continuit\u00e9 de service globale.<\/span><\/li>\n<li style=\"font-weight: 400;\"><span style=\"font-weight: 400;\">Les \u00e9quipes I&amp;O font des pieds et des mains pour acqu\u00e9rir les capacit\u00e9s et les connaissances requises pour ma\u00eetriser leur nouvel environnement, en faisant connaissance avec les fournisseurs et leurs outils et KPIs, tout \u00e7a sans oublier les probl\u00e8mes d\u2019int\u00e9gration.<\/span><\/li>\n<li style=\"font-weight: 400;\"><span style=\"font-weight: 400;\">Avec la multiplication des ressources IT vient la multiplication des outils de supervision informatique. Il y a de grandes chances pour que les \u00e9quipes IT n\u2019aient pas pris part aux d\u00e9cisions initiales, mais le nouvel environnement IT les force aujourd\u2019hui \u00e0 un radical changement dans leurs pratiques quotidiennes.<\/span><\/li>\n<\/ul>\n<h2><span style=\"font-size: 18pt; color: #0000dd;\"><b>Les solutions pour \u00e9viter l\u2019orage<\/b><\/span><\/h2>\n<p><span style=\"font-weight: 400;\">Si la complexit\u00e9 de votre architecture multi-cloud devient trop \u00e9crasante, avec la foudre et le tonnerre sur le point d\u2019\u00e9clater, le meilleur moyen de d\u00e9fense sera toujours un bon parapluie, et \u00a0dans ce cas pr\u00e9cis : une solide et compl\u00e8te solution de supervision informatique.<\/span><\/p>\n<p><span style=\"font-weight: 400;\">Voici quelques strat\u00e9gies de supervision qui pourraient vous fournir une protection ad\u00e9quate :<\/span><\/p>\n<ul>\n<li style=\"font-weight: 400;\"><span style=\"font-weight: 400;\">Cr\u00e9er une unique ligne de mire qui \u201cconnecte\u201d tous vos outils cloud, vous permettant de recueillir et de partager les donn\u00e9es \u00e0 travers vos ressources, ind\u00e9pendamment du fournisseur ou du type de technologie : public, priv\u00e9, containers, Docker, etc.<\/span><\/li>\n<li style=\"font-weight: 400;\"><span style=\"font-weight: 400;\">Organiser et concevez vos tableaux de bords de supervision pour avoir une vue claire de chaque application m\u00e9tier &#8211; ind\u00e9pendamment de quel outil cloud d\u00e9tient quelle charge de travail.<\/span><\/li>\n<li style=\"font-weight: 400;\"><span style=\"font-weight: 400;\">Cr\u00e9er un tableau de bord par fournisseur cloud, donnant \u00e0 vos \u00e9quipes plus de contr\u00f4le sur les SLAs et les co\u00fbts, et simplifiant l\u2019apprentissage et le processus d\u2019accueil pour chaque fournisseur.<\/span><\/li>\n<li style=\"font-weight: 400;\"><span style=\"font-weight: 400;\">Concevez votre p\u00e9rim\u00e8tre de supervision et vos tableaux de bords pour avoir une vue claire sur les services adjacents ou sous-jacents qui supportent les services dans le cloud. Par exemple : r\u00e9seau, legacy, objets connect\u00e9s, etc.<\/span><\/li>\n<li style=\"font-weight: 400;\"><span style=\"font-weight: 400;\">Soyez certain que votre solution de supervision int\u00e8gre la surveillance de la disponibilit\u00e9 et des performances \u00e0 vos autres solutions.<\/span><\/li>\n<li style=\"font-weight: 400;\"><span style=\"font-weight: 400;\">Trouver un moyen unifi\u00e9 d\u2019orchestrer le sch\u00e9ma d\u2019alertes de toutes vos ressources \u00e0 la fois &#8211; ne vous noyez pas dans des alertes et des avis concurrents tout en \u00e9tablissant clairement des responsabilit\u00e9s entre vous et les fournisseurs.<\/span><\/li>\n<\/ul>\n<h2><span style=\"font-size: 18pt; color: #0000dd;\"><b>Un outil de supervision informatique \u201cparapluie\u201d<\/b><\/span><\/h2>\n<p><span style=\"font-weight: 400;\">Une bonne solution parapluie, qui vous prot\u00e9gera et vous simplifiera la vie, est une solution qui est capable de collecter des donn\u00e9es de supervision depuis des technologies cloud, mais pas que. Il faudra s\u2019appuyer sur les outils de supervision de cette solution plut\u00f4t que de chercher \u00e0 les remplacer. De la m\u00eame fa\u00e7on que vous n&rsquo;utilisez qu\u2019un seul parapluie pour vous prot\u00e9ger de la pluie. En fait, votre solution de supervision doit avoir tout ce dont vous auriez besoin pour faire face \u00e0 n\u2019importe quelle temp\u00eate.<\/span><\/p>\n<h2><span style=\"font-size: 18pt; color: #0000dd;\"><b>Voyez \u00e0 travers les nuages et encore plus loin gr\u00e2ce \u00e0 Centreon<\/b><\/span><\/h2>\n<p><span style=\"font-weight: 400;\">Centreon conna\u00eet le paysage cloud et est capable de s\u2019int\u00e9grer et de superviser votre \u00e9cosyst\u00e8me entier gr\u00e2ce \u00e0 des tableaux de bords pertinents qui serviront \u00e0 toutes vos \u00e9quipes &#8211; du support de 1er niveau au DevOps en passant par les directeurs IT.<\/span><\/p>\n<p><span style=\"font-weight: 400;\">Si vous avez affaire \u00e0 des architectures multi-cloud, demandez-nous comment nous pouvons vous aider \u00e0 : <\/span><\/p>\n<ul>\n<li style=\"font-weight: 400;\"><span style=\"font-weight: 400;\">Superviser l\u2019ensemble de vos actifs cloud et legacy \u00e0 travers <\/span><a href=\"https:\/\/www.centreon.com\/catalogue-plugins-packs\/\" target=\"_blank\" rel=\"noopener noreferrer\"><span style=\"font-weight: 400;\">plus de 300 Plugin Packs<\/span><\/a><\/li>\n<li style=\"font-weight: 400;\"><span style=\"font-weight: 400;\">Vous conseiller quant \u00e0 la mani\u00e8re de <\/span><a href=\"https:\/\/www.centreon.com\/services\/proservices\/\" target=\"_blank\" rel=\"noopener noreferrer\"><span style=\"font-weight: 400;\">combiner votre solution de supervision \u201cparapluie\u201d avec les outils d\u00e9di\u00e9s des fournisseurs cloud<\/span><\/a><\/li>\n<li style=\"font-weight: 400;\"><a href=\"https:\/\/www.centreon.com\/solutions\/centreon-bam\/\" target=\"_blank\" rel=\"noopener noreferrer\"><span style=\"font-weight: 400;\">Superviser les applications de bout en bout, croisant technologies cloud et legacy<\/span><\/a><\/li>\n<li style=\"font-weight: 400;\"><span style=\"font-weight: 400;\">R\u00e9inventer compl\u00e8tement la mani\u00e8re dont vous superviser votre infrastructure gr\u00e2ce \u00e0 <\/span><a href=\"https:\/\/www.centreon.com\/solutions\/centreon-ems\/\" target=\"_blank\" rel=\"noopener noreferrer\"><span style=\"font-weight: 400;\">Centreon EMS<\/span><\/a><span style=\"font-weight: 400;\">, une plateforme unique qui int\u00e8gre des fonctionnalit\u00e9s robustes de cartographie et de reporting<\/span><\/li>\n<\/ul>\n<p><a href=\"https:\/\/www.centreon.com\/nous-contacter\/\" target=\"_blank\" rel=\"noopener noreferrer\"><span style=\"font-weight: 400;\">Prenons quelques minutes pour discuter du cloud<\/span><\/a><span style=\"font-weight: 400;\">, il y a tellement \u00e0 dire !<\/span><\/p>\n<p><span style=\"font-weight: 400;\">Quelques lectures qui pourraient vous int\u00e9resser :<\/span><\/p>\n<ul>\n<li style=\"font-weight: 400;\"><a href=\"https:\/\/www.centreon.com\/blog\/3-raisons-irresistibles-dutiliser-centreon-ems-19-04-pour-votre-supervision-informatique\/\" target=\"_blank\" rel=\"noopener noreferrer\"><span style=\"font-weight: 400;\">3 raisons irr\u00e9sistibles d\u2019utiliser Centreon EMS 19.04 pour votre supervision informatique<\/span><\/a><\/li>\n<li style=\"font-weight: 400;\"><a href=\"https:\/\/www.centreon.com\/blog\/superviser-aws-avec-centreon\/\" target=\"_blank\" rel=\"noopener noreferrer\"><span style=\"font-weight: 400;\">Comment superviser Amazon Web Services<\/span><\/a><\/li>\n<li style=\"font-weight: 400;\"><a href=\"https:\/\/www.centreon.com\/blog\/superviser-microsoft-azure-avec-centreon\/\" target=\"_blank\" rel=\"noopener noreferrer\"><span style=\"font-weight: 400;\">Comment superviser Microsoft Azure<\/span><\/a><\/li>\n<li style=\"font-weight: 400;\"><a href=\"https:\/\/www.centreon.com\/blog\/ensemble-pour-leternite-ne-choisissez-pas-votre-solution-de-supervision-informatique-sur-un-coup-de-tete\/\" target=\"_blank\" rel=\"noopener noreferrer\"><span style=\"font-weight: 400;\">Les crit\u00e8res pour bien choisir votre solution de supervision informatique<\/span><\/a><\/li>\n<li style=\"font-weight: 400;\"><a href=\"https:\/\/www.centreon.com\/blog\/nouveaux-plugin-packs-aws-centreon-supervise-les-infrastructures-hybrides\/\" target=\"_blank\" rel=\"noopener noreferrer\"><span style=\"font-weight: 400;\">Nouveaux Plugin Packs AWS : Centreon supervise les Infrastructures Hybrides<\/span><\/a><\/li>\n<\/ul>\n<p><span style=\"font-size: 8pt;\"><span style=\"font-weight: 400;\">1 <\/span><span style=\"font-weight: 400;\">IDC, 2018 CLOUD COMPUTING SURVEY: \u201cMore than half (51%) of companies now think of their\u00a0<\/span>cloud providers as a portfolio that needs to be managed as a whole rather than as individual parts, even as they migrate more applications to more vendors in more clouds.\u201d<\/span><\/p>\n<p><span style=\"font-size: 8pt;\"><span style=\"font-weight: 400;\">2 <\/span><span style=\"font-weight: 400;\">RightScale 2018 State of the Cloud Report.<\/span><\/span><\/p>\n","protected":false},"excerpt":{"rendered":"<p>G\u00e9rer des environnements multi-cloud Beaucoup d\u2019entre nous s\u2019en sont rendu compte : le cloud computing n\u2019est pas l\u2019affaire homog\u00e8ne que nous avons tendance \u00e0 imaginer. Il y a bien plus d\u2019un nuage dans le ciel&nbsp;&#8230;<\/p>\n","protected":false},"author":1,"featured_media":4762,"comment_status":"closed","ping_status":"closed","sticky":false,"template":"","format":"standard","meta":{"_acf_changed":false,"footnotes":""},"post-type":[98],"theme":[1012],"class_list":["post-19412","post","type-post","status-publish","format-standard","has-post-thumbnail","hentry","post-type-actualites","theme-centreon-business-edition-fr"],"acf":[],"yoast_head":"<!-- This site is optimized with the Yoast SEO plugin v26.6 - https:\/\/yoast.com\/wordpress\/plugins\/seo\/ -->\n<title>Il y a plus d\u2019un Cloud dans le ciel<\/title>\n<meta name=\"description\" content=\"Selon une \u00e9tude IDC, 42% des entreprises utilisent des solutions multi-cloud mais la majorit\u00e9 ont tendance \u00e0 penser de mani\u00e8re homog\u00e8ne.\" \/>\n<meta name=\"robots\" content=\"index, follow, max-snippet:-1, max-image-preview:large, max-video-preview:-1\" \/>\n<link rel=\"canonical\" href=\"https:\/\/www.centreon.com\/fr\/il-y-a-plus-dun-cloud-dans-le-ciel\/\" \/>\n<meta property=\"og:locale\" content=\"fr_FR\" \/>\n<meta property=\"og:type\" content=\"article\" \/>\n<meta property=\"og:title\" content=\"Il y a plus d\u2019un Cloud dans le ciel\" \/>\n<meta property=\"og:description\" content=\"Selon une \u00e9tude IDC, 42% des entreprises utilisent des solutions multi-cloud mais la majorit\u00e9 ont tendance \u00e0 penser de mani\u00e8re homog\u00e8ne.\" \/>\n<meta property=\"og:url\" content=\"https:\/\/www.centreon.com\/fr\/il-y-a-plus-dun-cloud-dans-le-ciel\/\" \/>\n<meta property=\"og:site_name\" content=\"Centreon\" \/>\n<meta property=\"article:publisher\" content=\"https:\/\/www.facebook.com\/CentreonMonitoring\/\" \/>\n<meta property=\"article:published_time\" content=\"2019-05-09T06:15:05+00:00\" \/>\n<meta property=\"article:modified_time\" content=\"2023-12-21T16:25:20+00:00\" \/>\n<meta property=\"og:image\" content=\"https:\/\/www.centreon.com\/wp-content\/uploads\/2022\/10\/Centreon-IT-monitoring-Cloud.jpg\" \/>\n\t<meta property=\"og:image:width\" content=\"1000\" \/>\n\t<meta property=\"og:image:height\" content=\"667\" \/>\n\t<meta property=\"og:image:type\" content=\"image\/jpeg\" \/>\n<meta name=\"author\" content=\"Thomas\" \/>\n<meta name=\"twitter:card\" content=\"summary_large_image\" \/>\n<meta name=\"twitter:creator\" content=\"@CentreonFR\" \/>\n<meta name=\"twitter:site\" content=\"@CentreonFR\" \/>\n<meta name=\"twitter:label1\" content=\"\u00c9crit par\" \/>\n\t<meta name=\"twitter:data1\" content=\"Thomas\" \/>\n\t<meta name=\"twitter:label2\" content=\"Dur\u00e9e de lecture estim\u00e9e\" \/>\n\t<meta name=\"twitter:data2\" content=\"5 minutes\" \/>\n<script type=\"application\/ld+json\" class=\"yoast-schema-graph\">{\"@context\":\"https:\/\/schema.org\",\"@graph\":[{\"@type\":\"Article\",\"@id\":\"https:\/\/www.centreon.com\/fr\/il-y-a-plus-dun-cloud-dans-le-ciel\/#article\",\"isPartOf\":{\"@id\":\"https:\/\/www.centreon.com\/fr\/il-y-a-plus-dun-cloud-dans-le-ciel\/\"},\"author\":{\"name\":\"Thomas\",\"@id\":\"https:\/\/www.centreon.com\/fr\/#\/schema\/person\/c5bd0f4e75adbd1ee75f5d1f8a7ff419\"},\"headline\":\"Il y a plus d\u2019un Cloud dans le ciel\",\"datePublished\":\"2019-05-09T06:15:05+00:00\",\"dateModified\":\"2023-12-21T16:25:20+00:00\",\"mainEntityOfPage\":{\"@id\":\"https:\/\/www.centreon.com\/fr\/il-y-a-plus-dun-cloud-dans-le-ciel\/\"},\"wordCount\":1299,\"publisher\":{\"@id\":\"https:\/\/www.centreon.com\/fr\/#organization\"},\"image\":{\"@id\":\"https:\/\/www.centreon.com\/fr\/il-y-a-plus-dun-cloud-dans-le-ciel\/#primaryimage\"},\"thumbnailUrl\":\"https:\/\/www.centreon.com\/uploads\/2022\/10\/Centreon-IT-monitoring-Cloud.jpg\",\"inLanguage\":\"fr-FR\"},{\"@type\":\"WebPage\",\"@id\":\"https:\/\/www.centreon.com\/fr\/il-y-a-plus-dun-cloud-dans-le-ciel\/\",\"url\":\"https:\/\/www.centreon.com\/fr\/il-y-a-plus-dun-cloud-dans-le-ciel\/\",\"name\":\"Il y a plus d\u2019un Cloud dans le ciel\",\"isPartOf\":{\"@id\":\"https:\/\/www.centreon.com\/fr\/#website\"},\"primaryImageOfPage\":{\"@id\":\"https:\/\/www.centreon.com\/fr\/il-y-a-plus-dun-cloud-dans-le-ciel\/#primaryimage\"},\"image\":{\"@id\":\"https:\/\/www.centreon.com\/fr\/il-y-a-plus-dun-cloud-dans-le-ciel\/#primaryimage\"},\"thumbnailUrl\":\"https:\/\/www.centreon.com\/uploads\/2022\/10\/Centreon-IT-monitoring-Cloud.jpg\",\"datePublished\":\"2019-05-09T06:15:05+00:00\",\"dateModified\":\"2023-12-21T16:25:20+00:00\",\"description\":\"Selon une \u00e9tude IDC, 42% des entreprises utilisent des solutions multi-cloud mais la majorit\u00e9 ont tendance \u00e0 penser de mani\u00e8re homog\u00e8ne.\",\"breadcrumb\":{\"@id\":\"https:\/\/www.centreon.com\/fr\/il-y-a-plus-dun-cloud-dans-le-ciel\/#breadcrumb\"},\"inLanguage\":\"fr-FR\",\"potentialAction\":[{\"@type\":\"ReadAction\",\"target\":[\"https:\/\/www.centreon.com\/fr\/il-y-a-plus-dun-cloud-dans-le-ciel\/\"]}]},{\"@type\":\"ImageObject\",\"inLanguage\":\"fr-FR\",\"@id\":\"https:\/\/www.centreon.com\/fr\/il-y-a-plus-dun-cloud-dans-le-ciel\/#primaryimage\",\"url\":\"https:\/\/www.centreon.com\/uploads\/2022\/10\/Centreon-IT-monitoring-Cloud.jpg\",\"contentUrl\":\"https:\/\/www.centreon.com\/uploads\/2022\/10\/Centreon-IT-monitoring-Cloud.jpg\",\"width\":1000,\"height\":667},{\"@type\":\"BreadcrumbList\",\"@id\":\"https:\/\/www.centreon.com\/fr\/il-y-a-plus-dun-cloud-dans-le-ciel\/#breadcrumb\",\"itemListElement\":[{\"@type\":\"ListItem\",\"position\":1,\"name\":\"Home\",\"item\":\"https:\/\/www.centreon.com\/fr\/\"},{\"@type\":\"ListItem\",\"position\":2,\"name\":\"Il y a plus d\u2019un Cloud dans le ciel\"}]},{\"@type\":\"WebSite\",\"@id\":\"https:\/\/www.centreon.com\/fr\/#website\",\"url\":\"https:\/\/www.centreon.com\/fr\/\",\"name\":\"Centreon\",\"description\":\"Just another WordPress site\",\"publisher\":{\"@id\":\"https:\/\/www.centreon.com\/fr\/#organization\"},\"potentialAction\":[{\"@type\":\"SearchAction\",\"target\":{\"@type\":\"EntryPoint\",\"urlTemplate\":\"https:\/\/www.centreon.com\/fr\/?s={search_term_string}\"},\"query-input\":{\"@type\":\"PropertyValueSpecification\",\"valueRequired\":true,\"valueName\":\"search_term_string\"}}],\"inLanguage\":\"fr-FR\"},{\"@type\":\"Organization\",\"@id\":\"https:\/\/www.centreon.com\/fr\/#organization\",\"name\":\"Centreon\",\"url\":\"https:\/\/www.centreon.com\/fr\/\",\"logo\":{\"@type\":\"ImageObject\",\"inLanguage\":\"fr-FR\",\"@id\":\"https:\/\/www.centreon.com\/fr\/#\/schema\/logo\/image\/\",\"url\":\"https:\/\/www.centreon.com\/wp-content\/uploads\/2023\/07\/Logo_Centreon_Email_Signature_light_02.png\",\"contentUrl\":\"https:\/\/www.centreon.com\/wp-content\/uploads\/2023\/07\/Logo_Centreon_Email_Signature_light_02.png\",\"width\":180,\"height\":42,\"caption\":\"Centreon\"},\"image\":{\"@id\":\"https:\/\/www.centreon.com\/fr\/#\/schema\/logo\/image\/\"},\"sameAs\":[\"https:\/\/www.facebook.com\/CentreonMonitoring\/\",\"https:\/\/x.com\/CentreonFR\",\"https:\/\/www.linkedin.com\/company\/centreonsoftware\/\",\"https:\/\/www.youtube.com\/channel\/UCIKJKvZ8acLmEg2fCdDzsvA\",\"https:\/\/fr.wikipedia.org\/wiki\/Centreon\"]},{\"@type\":\"Person\",\"@id\":\"https:\/\/www.centreon.com\/fr\/#\/schema\/person\/c5bd0f4e75adbd1ee75f5d1f8a7ff419\",\"name\":\"Thomas\",\"image\":{\"@type\":\"ImageObject\",\"inLanguage\":\"fr-FR\",\"@id\":\"https:\/\/www.centreon.com\/fr\/#\/schema\/person\/image\/\",\"url\":\"https:\/\/secure.gravatar.com\/avatar\/1d4c181e1a496d3d6d25441adb6830a23883e0f93ed97a30e4616fea3c950268?s=96&d=mm&r=g\",\"contentUrl\":\"https:\/\/secure.gravatar.com\/avatar\/1d4c181e1a496d3d6d25441adb6830a23883e0f93ed97a30e4616fea3c950268?s=96&d=mm&r=g\",\"caption\":\"Thomas\"},\"sameAs\":[\"http:\/\/centreon.stagewink.com\"]}]}<\/script>\n<!-- \/ Yoast SEO plugin. -->","yoast_head_json":{"title":"Il y a plus d\u2019un Cloud dans le ciel","description":"Selon une \u00e9tude IDC, 42% des entreprises utilisent des solutions multi-cloud mais la majorit\u00e9 ont tendance \u00e0 penser de mani\u00e8re homog\u00e8ne.","robots":{"index":"index","follow":"follow","max-snippet":"max-snippet:-1","max-image-preview":"max-image-preview:large","max-video-preview":"max-video-preview:-1"},"canonical":"https:\/\/www.centreon.com\/fr\/il-y-a-plus-dun-cloud-dans-le-ciel\/","og_locale":"fr_FR","og_type":"article","og_title":"Il y a plus d\u2019un Cloud dans le ciel","og_description":"Selon une \u00e9tude IDC, 42% des entreprises utilisent des solutions multi-cloud mais la majorit\u00e9 ont tendance \u00e0 penser de mani\u00e8re homog\u00e8ne.","og_url":"https:\/\/www.centreon.com\/fr\/il-y-a-plus-dun-cloud-dans-le-ciel\/","og_site_name":"Centreon","article_publisher":"https:\/\/www.facebook.com\/CentreonMonitoring\/","article_published_time":"2019-05-09T06:15:05+00:00","article_modified_time":"2023-12-21T16:25:20+00:00","og_image":[{"width":1000,"height":667,"url":"https:\/\/www.centreon.com\/wp-content\/uploads\/2022\/10\/Centreon-IT-monitoring-Cloud.jpg","type":"image\/jpeg"}],"author":"Thomas","twitter_card":"summary_large_image","twitter_creator":"@CentreonFR","twitter_site":"@CentreonFR","twitter_misc":{"\u00c9crit par":"Thomas","Dur\u00e9e de lecture estim\u00e9e":"5 minutes"},"schema":{"@context":"https:\/\/schema.org","@graph":[{"@type":"Article","@id":"https:\/\/www.centreon.com\/fr\/il-y-a-plus-dun-cloud-dans-le-ciel\/#article","isPartOf":{"@id":"https:\/\/www.centreon.com\/fr\/il-y-a-plus-dun-cloud-dans-le-ciel\/"},"author":{"name":"Thomas","@id":"https:\/\/www.centreon.com\/fr\/#\/schema\/person\/c5bd0f4e75adbd1ee75f5d1f8a7ff419"},"headline":"Il y a plus d\u2019un Cloud dans le ciel","datePublished":"2019-05-09T06:15:05+00:00","dateModified":"2023-12-21T16:25:20+00:00","mainEntityOfPage":{"@id":"https:\/\/www.centreon.com\/fr\/il-y-a-plus-dun-cloud-dans-le-ciel\/"},"wordCount":1299,"publisher":{"@id":"https:\/\/www.centreon.com\/fr\/#organization"},"image":{"@id":"https:\/\/www.centreon.com\/fr\/il-y-a-plus-dun-cloud-dans-le-ciel\/#primaryimage"},"thumbnailUrl":"https:\/\/www.centreon.com\/uploads\/2022\/10\/Centreon-IT-monitoring-Cloud.jpg","inLanguage":"fr-FR"},{"@type":"WebPage","@id":"https:\/\/www.centreon.com\/fr\/il-y-a-plus-dun-cloud-dans-le-ciel\/","url":"https:\/\/www.centreon.com\/fr\/il-y-a-plus-dun-cloud-dans-le-ciel\/","name":"Il y a plus d\u2019un Cloud dans le ciel","isPartOf":{"@id":"https:\/\/www.centreon.com\/fr\/#website"},"primaryImageOfPage":{"@id":"https:\/\/www.centreon.com\/fr\/il-y-a-plus-dun-cloud-dans-le-ciel\/#primaryimage"},"image":{"@id":"https:\/\/www.centreon.com\/fr\/il-y-a-plus-dun-cloud-dans-le-ciel\/#primaryimage"},"thumbnailUrl":"https:\/\/www.centreon.com\/uploads\/2022\/10\/Centreon-IT-monitoring-Cloud.jpg","datePublished":"2019-05-09T06:15:05+00:00","dateModified":"2023-12-21T16:25:20+00:00","description":"Selon une \u00e9tude IDC, 42% des entreprises utilisent des solutions multi-cloud mais la majorit\u00e9 ont tendance \u00e0 penser de mani\u00e8re homog\u00e8ne.","breadcrumb":{"@id":"https:\/\/www.centreon.com\/fr\/il-y-a-plus-dun-cloud-dans-le-ciel\/#breadcrumb"},"inLanguage":"fr-FR","potentialAction":[{"@type":"ReadAction","target":["https:\/\/www.centreon.com\/fr\/il-y-a-plus-dun-cloud-dans-le-ciel\/"]}]},{"@type":"ImageObject","inLanguage":"fr-FR","@id":"https:\/\/www.centreon.com\/fr\/il-y-a-plus-dun-cloud-dans-le-ciel\/#primaryimage","url":"https:\/\/www.centreon.com\/uploads\/2022\/10\/Centreon-IT-monitoring-Cloud.jpg","contentUrl":"https:\/\/www.centreon.com\/uploads\/2022\/10\/Centreon-IT-monitoring-Cloud.jpg","width":1000,"height":667},{"@type":"BreadcrumbList","@id":"https:\/\/www.centreon.com\/fr\/il-y-a-plus-dun-cloud-dans-le-ciel\/#breadcrumb","itemListElement":[{"@type":"ListItem","position":1,"name":"Home","item":"https:\/\/www.centreon.com\/fr\/"},{"@type":"ListItem","position":2,"name":"Il y a plus d\u2019un Cloud dans le ciel"}]},{"@type":"WebSite","@id":"https:\/\/www.centreon.com\/fr\/#website","url":"https:\/\/www.centreon.com\/fr\/","name":"Centreon","description":"Just another WordPress site","publisher":{"@id":"https:\/\/www.centreon.com\/fr\/#organization"},"potentialAction":[{"@type":"SearchAction","target":{"@type":"EntryPoint","urlTemplate":"https:\/\/www.centreon.com\/fr\/?s={search_term_string}"},"query-input":{"@type":"PropertyValueSpecification","valueRequired":true,"valueName":"search_term_string"}}],"inLanguage":"fr-FR"},{"@type":"Organization","@id":"https:\/\/www.centreon.com\/fr\/#organization","name":"Centreon","url":"https:\/\/www.centreon.com\/fr\/","logo":{"@type":"ImageObject","inLanguage":"fr-FR","@id":"https:\/\/www.centreon.com\/fr\/#\/schema\/logo\/image\/","url":"https:\/\/www.centreon.com\/wp-content\/uploads\/2023\/07\/Logo_Centreon_Email_Signature_light_02.png","contentUrl":"https:\/\/www.centreon.com\/wp-content\/uploads\/2023\/07\/Logo_Centreon_Email_Signature_light_02.png","width":180,"height":42,"caption":"Centreon"},"image":{"@id":"https:\/\/www.centreon.com\/fr\/#\/schema\/logo\/image\/"},"sameAs":["https:\/\/www.facebook.com\/CentreonMonitoring\/","https:\/\/x.com\/CentreonFR","https:\/\/www.linkedin.com\/company\/centreonsoftware\/","https:\/\/www.youtube.com\/channel\/UCIKJKvZ8acLmEg2fCdDzsvA","https:\/\/fr.wikipedia.org\/wiki\/Centreon"]},{"@type":"Person","@id":"https:\/\/www.centreon.com\/fr\/#\/schema\/person\/c5bd0f4e75adbd1ee75f5d1f8a7ff419","name":"Thomas","image":{"@type":"ImageObject","inLanguage":"fr-FR","@id":"https:\/\/www.centreon.com\/fr\/#\/schema\/person\/image\/","url":"https:\/\/secure.gravatar.com\/avatar\/1d4c181e1a496d3d6d25441adb6830a23883e0f93ed97a30e4616fea3c950268?s=96&d=mm&r=g","contentUrl":"https:\/\/secure.gravatar.com\/avatar\/1d4c181e1a496d3d6d25441adb6830a23883e0f93ed97a30e4616fea3c950268?s=96&d=mm&r=g","caption":"Thomas"},"sameAs":["http:\/\/centreon.stagewink.com"]}]}},"_links":{"self":[{"href":"https:\/\/www.centreon.com\/fr\/wp-json\/wp\/v2\/posts\/19412","targetHints":{"allow":["GET"]}}],"collection":[{"href":"https:\/\/www.centreon.com\/fr\/wp-json\/wp\/v2\/posts"}],"about":[{"href":"https:\/\/www.centreon.com\/fr\/wp-json\/wp\/v2\/types\/post"}],"author":[{"embeddable":true,"href":"https:\/\/www.centreon.com\/fr\/wp-json\/wp\/v2\/users\/1"}],"replies":[{"embeddable":true,"href":"https:\/\/www.centreon.com\/fr\/wp-json\/wp\/v2\/comments?post=19412"}],"version-history":[{"count":1,"href":"https:\/\/www.centreon.com\/fr\/wp-json\/wp\/v2\/posts\/19412\/revisions"}],"predecessor-version":[{"id":33306,"href":"https:\/\/www.centreon.com\/fr\/wp-json\/wp\/v2\/posts\/19412\/revisions\/33306"}],"wp:featuredmedia":[{"embeddable":true,"href":"https:\/\/www.centreon.com\/fr\/wp-json\/wp\/v2\/media\/4762"}],"wp:attachment":[{"href":"https:\/\/www.centreon.com\/fr\/wp-json\/wp\/v2\/media?parent=19412"}],"wp:term":[{"taxonomy":"post-type","embeddable":true,"href":"https:\/\/www.centreon.com\/fr\/wp-json\/wp\/v2\/post-type?post=19412"},{"taxonomy":"theme","embeddable":true,"href":"https:\/\/www.centreon.com\/fr\/wp-json\/wp\/v2\/theme?post=19412"}],"curies":[{"name":"wp","href":"https:\/\/api.w.org\/{rel}","templated":true}]}}