{"id":19351,"date":"2018-02-14T15:28:44","date_gmt":"2018-02-14T15:28:44","guid":{"rendered":"https:\/\/www.centreon.com\/centreon-reference-au-socle-interministeriel-de-logiciels-libres-2018\/"},"modified":"2023-12-21T15:17:13","modified_gmt":"2023-12-21T14:17:13","slug":"centreon-reference-au-socle-interministeriel-de-logiciels-libres-2018","status":"publish","type":"post","link":"https:\/\/www.centreon.com\/fr\/centreon-reference-au-socle-interministeriel-de-logiciels-libres-2018\/","title":{"rendered":"Centreon r\u00e9f\u00e9renc\u00e9 au Socle Interminist\u00e9riel de Logiciels Libres 2018"},"content":{"rendered":"<p>Pour la 5\u00e8me ann\u00e9e cons\u00e9cutive, Centreon est r\u00e9f\u00e9renc\u00e9 au Socle Interminist\u00e9riel de Logiciels Libres dans la cat\u00e9gorie \u00ab Op\u00e9rations \u2013 Supervision\/Hypervision \u00bb. <strong>Centreon est la seule solution recommand\u00e9e dans cette cat\u00e9gorie.<\/strong><\/p>\n<p><a href=\"https:\/\/www.centreon.com\/wp-content\/uploads\/2018\/02\/SILL_2018.png\"><img fetchpriority=\"low\" loading=\"lazy\" decoding=\"async\" class=\"aligncenter wp-image-15392 size-medium\" src=\"https:\/\/www.centreon.com\/wp-content\/uploads\/2018\/02\/SILL_2018-300x227.png\" alt=\"Centreon, supervision informatique, SILL, socle interminist\u00e9riel\" width=\"300\" height=\"227\" \/><\/a><\/p>\n<p>Pour rappel, le Socle Interminist\u00e9riel de Logiciels Libres (SILL) se pr\u00e9sente sous la forme d\u2019un tableau par fonctionnalit\u00e9 ou cas d\u2019usage. Pour chaque fonctionnalit\u00e9, il pr\u00e9sente le logiciel pr\u00e9conis\u00e9 en pr\u00e9cisant la version. Chaque logiciel du SILL est suivi par un minist\u00e8re r\u00e9f\u00e9rent. Le SILL est g\u00e9r\u00e9 par les correspondants minist\u00e9riels, dans le cadre de l\u2019instance de mutualisation sur les logiciels libres, sous le contr\u00f4le de la DINSIC. Il est mis \u00e0 jour annuellement.<\/p>\n<p style=\"text-align: center;\"><span style=\"font-size: 14pt;\"><a href=\"https:\/\/references.modernisation.gouv.fr\/sites\/default\/files\/SILL%202018%20-%20socle%20interministeriel%20de%20logiciels%20libres.pdf\"><strong>T\u00e9l\u00e9chargez le Socle Interminist\u00e9riel des Logiciels Libres 2018<\/strong><\/a><\/span><\/p>\n<p style=\"text-align: center;\"><a href=\"https:\/\/references.modernisation.gouv.fr\/socle-logiciels-libres\">Plus d\u2019informations sur le SILL<\/a><\/p>\n<p>Centreon a de nombreuses r\u00e9f\u00e9rences dans le secteur Public parmi lesquelles : Minist\u00e8re de la justice, Minist\u00e8re de l\u2019agriculture, Ville de Paris, Conseil R\u00e9gional d\u2019Aquitaine, Conseils D\u00e9partementaux de la Mayenne, des Landes, du Rh\u00f4ne, du Val de Marne, du Haut-Rhin, M\u00e9tropole de Bordeaux, Ville de Dreux, l\u2019INSEE, Mairie de Pantin, les Universit\u00e9s de Bourgogne, de Paris Sud et de la R\u00e9union, La Poste, l\u2019OPT Nouvelle-Cal\u00e9donie\u2026<\/p>\n<p style=\"text-align: center;\"><a href=\"https:\/\/static.centreon.com\/wp-content\/uploads\/2017\/11\/Haut_Rhin_FR.pdf\">Lire le retour d\u2019exp\u00e9rience du Conseil D\u00e9partemental du Haut-Rhin<\/a><\/p>\n<p style=\"text-align: center;\"><a href=\"https:\/\/static.centreon.com\/wp-content\/uploads\/2017\/07\/Retex_OPT_NC_FR.pdf\">Lire le retour d\u2019exp\u00e9rience de l\u2019OPT Nouvelle-Cal\u00e9donie<\/a><\/p>\n","protected":false},"excerpt":{"rendered":"<p>Pour la 5\u00e8me ann\u00e9e cons\u00e9cutive, Centreon est r\u00e9f\u00e9renc\u00e9 au Socle Interminist\u00e9riel de Logiciels Libres dans la cat\u00e9gorie \u00ab Op\u00e9rations \u2013 Supervision\/Hypervision \u00bb. Centreon est la seule solution recommand\u00e9e dans cette cat\u00e9gorie. Pour rappel, le Socle&nbsp;&#8230;<\/p>\n","protected":false},"author":1,"featured_media":20940,"comment_status":"closed","ping_status":"closed","sticky":false,"template":"","format":"standard","meta":{"_acf_changed":false,"footnotes":""},"post-type":[98],"theme":[1013],"class_list":["post-19351","post","type-post","status-publish","format-standard","has-post-thumbnail","hentry","post-type-actualites","theme-corporate-fr"],"acf":[],"yoast_head":"<!-- This site is optimized with the Yoast SEO plugin v26.6 - https:\/\/yoast.com\/wordpress\/plugins\/seo\/ -->\n<title>Centreon au Socle Interminist\u00e9riel de Logiciels Libres 2018<\/title>\n<meta name=\"description\" content=\"Centreon est \u00e0 nouveau r\u00e9f\u00e9renc\u00e9 au Socle Interminist\u00e9riel de Logiciels Libres dans la cat\u00e9gorie \u00ab Op\u00e9rations \u2013 Supervision\/Hypervision \u00bb.\" \/>\n<meta name=\"robots\" content=\"index, follow, max-snippet:-1, max-image-preview:large, max-video-preview:-1\" \/>\n<link rel=\"canonical\" href=\"https:\/\/www.centreon.com\/fr\/centreon-reference-au-socle-interministeriel-de-logiciels-libres-2018\/\" \/>\n<meta property=\"og:locale\" content=\"fr_FR\" \/>\n<meta property=\"og:type\" content=\"article\" \/>\n<meta property=\"og:title\" content=\"Centreon au Socle Interminist\u00e9riel de Logiciels Libres 2018\" \/>\n<meta property=\"og:description\" content=\"Centreon est \u00e0 nouveau r\u00e9f\u00e9renc\u00e9 au Socle Interminist\u00e9riel de Logiciels Libres dans la cat\u00e9gorie \u00ab Op\u00e9rations \u2013 Supervision\/Hypervision \u00bb.\" \/>\n<meta property=\"og:url\" content=\"https:\/\/www.centreon.com\/fr\/centreon-reference-au-socle-interministeriel-de-logiciels-libres-2018\/\" \/>\n<meta property=\"og:site_name\" content=\"Centreon\" \/>\n<meta property=\"article:publisher\" content=\"https:\/\/www.facebook.com\/CentreonMonitoring\/\" \/>\n<meta property=\"article:published_time\" content=\"2018-02-14T15:28:44+00:00\" \/>\n<meta property=\"article:modified_time\" content=\"2023-12-21T14:17:13+00:00\" \/>\n<meta property=\"og:image\" content=\"https:\/\/www.centreon.com\/wp-content\/uploads\/2018\/02\/Centreon_supervision_SILL_2018.jpg\" \/>\n\t<meta property=\"og:image:width\" content=\"500\" \/>\n\t<meta property=\"og:image:height\" content=\"352\" \/>\n\t<meta property=\"og:image:type\" content=\"image\/jpeg\" \/>\n<meta name=\"author\" content=\"Thomas\" \/>\n<meta name=\"twitter:card\" content=\"summary_large_image\" \/>\n<meta name=\"twitter:creator\" content=\"@CentreonFR\" \/>\n<meta name=\"twitter:site\" content=\"@CentreonFR\" \/>\n<meta name=\"twitter:label1\" content=\"\u00c9crit par\" \/>\n\t<meta name=\"twitter:data1\" content=\"Thomas\" \/>\n\t<meta name=\"twitter:label2\" content=\"Dur\u00e9e de lecture estim\u00e9e\" \/>\n\t<meta name=\"twitter:data2\" content=\"2 minutes\" \/>\n<script type=\"application\/ld+json\" class=\"yoast-schema-graph\">{\"@context\":\"https:\/\/schema.org\",\"@graph\":[{\"@type\":\"Article\",\"@id\":\"https:\/\/www.centreon.com\/fr\/centreon-reference-au-socle-interministeriel-de-logiciels-libres-2018\/#article\",\"isPartOf\":{\"@id\":\"https:\/\/www.centreon.com\/fr\/centreon-reference-au-socle-interministeriel-de-logiciels-libres-2018\/\"},\"author\":{\"name\":\"Thomas\",\"@id\":\"https:\/\/www.centreon.com\/fr\/#\/schema\/person\/c5bd0f4e75adbd1ee75f5d1f8a7ff419\"},\"headline\":\"Centreon r\u00e9f\u00e9renc\u00e9 au Socle Interminist\u00e9riel de Logiciels Libres 2018\",\"datePublished\":\"2018-02-14T15:28:44+00:00\",\"dateModified\":\"2023-12-21T14:17:13+00:00\",\"mainEntityOfPage\":{\"@id\":\"https:\/\/www.centreon.com\/fr\/centreon-reference-au-socle-interministeriel-de-logiciels-libres-2018\/\"},\"wordCount\":254,\"publisher\":{\"@id\":\"https:\/\/www.centreon.com\/fr\/#organization\"},\"image\":{\"@id\":\"https:\/\/www.centreon.com\/fr\/centreon-reference-au-socle-interministeriel-de-logiciels-libres-2018\/#primaryimage\"},\"thumbnailUrl\":\"https:\/\/www.centreon.com\/uploads\/2018\/02\/Centreon_supervision_SILL_2018.jpg\",\"inLanguage\":\"fr-FR\"},{\"@type\":\"WebPage\",\"@id\":\"https:\/\/www.centreon.com\/fr\/centreon-reference-au-socle-interministeriel-de-logiciels-libres-2018\/\",\"url\":\"https:\/\/www.centreon.com\/fr\/centreon-reference-au-socle-interministeriel-de-logiciels-libres-2018\/\",\"name\":\"Centreon au Socle Interminist\u00e9riel de Logiciels Libres 2018\",\"isPartOf\":{\"@id\":\"https:\/\/www.centreon.com\/fr\/#website\"},\"primaryImageOfPage\":{\"@id\":\"https:\/\/www.centreon.com\/fr\/centreon-reference-au-socle-interministeriel-de-logiciels-libres-2018\/#primaryimage\"},\"image\":{\"@id\":\"https:\/\/www.centreon.com\/fr\/centreon-reference-au-socle-interministeriel-de-logiciels-libres-2018\/#primaryimage\"},\"thumbnailUrl\":\"https:\/\/www.centreon.com\/uploads\/2018\/02\/Centreon_supervision_SILL_2018.jpg\",\"datePublished\":\"2018-02-14T15:28:44+00:00\",\"dateModified\":\"2023-12-21T14:17:13+00:00\",\"description\":\"Centreon est \u00e0 nouveau r\u00e9f\u00e9renc\u00e9 au Socle Interminist\u00e9riel de Logiciels Libres dans la cat\u00e9gorie \u00ab Op\u00e9rations \u2013 Supervision\/Hypervision \u00bb.\",\"breadcrumb\":{\"@id\":\"https:\/\/www.centreon.com\/fr\/centreon-reference-au-socle-interministeriel-de-logiciels-libres-2018\/#breadcrumb\"},\"inLanguage\":\"fr-FR\",\"potentialAction\":[{\"@type\":\"ReadAction\",\"target\":[\"https:\/\/www.centreon.com\/fr\/centreon-reference-au-socle-interministeriel-de-logiciels-libres-2018\/\"]}]},{\"@type\":\"ImageObject\",\"inLanguage\":\"fr-FR\",\"@id\":\"https:\/\/www.centreon.com\/fr\/centreon-reference-au-socle-interministeriel-de-logiciels-libres-2018\/#primaryimage\",\"url\":\"https:\/\/www.centreon.com\/uploads\/2018\/02\/Centreon_supervision_SILL_2018.jpg\",\"contentUrl\":\"https:\/\/www.centreon.com\/uploads\/2018\/02\/Centreon_supervision_SILL_2018.jpg\",\"width\":500,\"height\":352},{\"@type\":\"BreadcrumbList\",\"@id\":\"https:\/\/www.centreon.com\/fr\/centreon-reference-au-socle-interministeriel-de-logiciels-libres-2018\/#breadcrumb\",\"itemListElement\":[{\"@type\":\"ListItem\",\"position\":1,\"name\":\"Home\",\"item\":\"https:\/\/www.centreon.com\/fr\/\"},{\"@type\":\"ListItem\",\"position\":2,\"name\":\"Centreon r\u00e9f\u00e9renc\u00e9 au Socle Interminist\u00e9riel de Logiciels Libres 2018\"}]},{\"@type\":\"WebSite\",\"@id\":\"https:\/\/www.centreon.com\/fr\/#website\",\"url\":\"https:\/\/www.centreon.com\/fr\/\",\"name\":\"Centreon\",\"description\":\"Just another WordPress site\",\"publisher\":{\"@id\":\"https:\/\/www.centreon.com\/fr\/#organization\"},\"potentialAction\":[{\"@type\":\"SearchAction\",\"target\":{\"@type\":\"EntryPoint\",\"urlTemplate\":\"https:\/\/www.centreon.com\/fr\/?s={search_term_string}\"},\"query-input\":{\"@type\":\"PropertyValueSpecification\",\"valueRequired\":true,\"valueName\":\"search_term_string\"}}],\"inLanguage\":\"fr-FR\"},{\"@type\":\"Organization\",\"@id\":\"https:\/\/www.centreon.com\/fr\/#organization\",\"name\":\"Centreon\",\"url\":\"https:\/\/www.centreon.com\/fr\/\",\"logo\":{\"@type\":\"ImageObject\",\"inLanguage\":\"fr-FR\",\"@id\":\"https:\/\/www.centreon.com\/fr\/#\/schema\/logo\/image\/\",\"url\":\"https:\/\/www.centreon.com\/wp-content\/uploads\/2023\/07\/Logo_Centreon_Email_Signature_light_02.png\",\"contentUrl\":\"https:\/\/www.centreon.com\/wp-content\/uploads\/2023\/07\/Logo_Centreon_Email_Signature_light_02.png\",\"width\":180,\"height\":42,\"caption\":\"Centreon\"},\"image\":{\"@id\":\"https:\/\/www.centreon.com\/fr\/#\/schema\/logo\/image\/\"},\"sameAs\":[\"https:\/\/www.facebook.com\/CentreonMonitoring\/\",\"https:\/\/x.com\/CentreonFR\",\"https:\/\/www.linkedin.com\/company\/centreonsoftware\/\",\"https:\/\/www.youtube.com\/channel\/UCIKJKvZ8acLmEg2fCdDzsvA\",\"https:\/\/fr.wikipedia.org\/wiki\/Centreon\"]},{\"@type\":\"Person\",\"@id\":\"https:\/\/www.centreon.com\/fr\/#\/schema\/person\/c5bd0f4e75adbd1ee75f5d1f8a7ff419\",\"name\":\"Thomas\",\"image\":{\"@type\":\"ImageObject\",\"inLanguage\":\"fr-FR\",\"@id\":\"https:\/\/www.centreon.com\/fr\/#\/schema\/person\/image\/\",\"url\":\"https:\/\/secure.gravatar.com\/avatar\/1d4c181e1a496d3d6d25441adb6830a23883e0f93ed97a30e4616fea3c950268?s=96&d=mm&r=g\",\"contentUrl\":\"https:\/\/secure.gravatar.com\/avatar\/1d4c181e1a496d3d6d25441adb6830a23883e0f93ed97a30e4616fea3c950268?s=96&d=mm&r=g\",\"caption\":\"Thomas\"},\"sameAs\":[\"http:\/\/centreon.stagewink.com\"]}]}<\/script>\n<!-- \/ Yoast SEO plugin. -->","yoast_head_json":{"title":"Centreon au Socle Interminist\u00e9riel de Logiciels Libres 2018","description":"Centreon est \u00e0 nouveau r\u00e9f\u00e9renc\u00e9 au Socle Interminist\u00e9riel de Logiciels Libres dans la cat\u00e9gorie \u00ab Op\u00e9rations \u2013 Supervision\/Hypervision \u00bb.","robots":{"index":"index","follow":"follow","max-snippet":"max-snippet:-1","max-image-preview":"max-image-preview:large","max-video-preview":"max-video-preview:-1"},"canonical":"https:\/\/www.centreon.com\/fr\/centreon-reference-au-socle-interministeriel-de-logiciels-libres-2018\/","og_locale":"fr_FR","og_type":"article","og_title":"Centreon au Socle Interminist\u00e9riel de Logiciels Libres 2018","og_description":"Centreon est \u00e0 nouveau r\u00e9f\u00e9renc\u00e9 au Socle Interminist\u00e9riel de Logiciels Libres dans la cat\u00e9gorie \u00ab Op\u00e9rations \u2013 Supervision\/Hypervision \u00bb.","og_url":"https:\/\/www.centreon.com\/fr\/centreon-reference-au-socle-interministeriel-de-logiciels-libres-2018\/","og_site_name":"Centreon","article_publisher":"https:\/\/www.facebook.com\/CentreonMonitoring\/","article_published_time":"2018-02-14T15:28:44+00:00","article_modified_time":"2023-12-21T14:17:13+00:00","og_image":[{"width":500,"height":352,"url":"https:\/\/www.centreon.com\/wp-content\/uploads\/2018\/02\/Centreon_supervision_SILL_2018.jpg","type":"image\/jpeg"}],"author":"Thomas","twitter_card":"summary_large_image","twitter_creator":"@CentreonFR","twitter_site":"@CentreonFR","twitter_misc":{"\u00c9crit par":"Thomas","Dur\u00e9e de lecture estim\u00e9e":"2 minutes"},"schema":{"@context":"https:\/\/schema.org","@graph":[{"@type":"Article","@id":"https:\/\/www.centreon.com\/fr\/centreon-reference-au-socle-interministeriel-de-logiciels-libres-2018\/#article","isPartOf":{"@id":"https:\/\/www.centreon.com\/fr\/centreon-reference-au-socle-interministeriel-de-logiciels-libres-2018\/"},"author":{"name":"Thomas","@id":"https:\/\/www.centreon.com\/fr\/#\/schema\/person\/c5bd0f4e75adbd1ee75f5d1f8a7ff419"},"headline":"Centreon r\u00e9f\u00e9renc\u00e9 au Socle Interminist\u00e9riel de Logiciels Libres 2018","datePublished":"2018-02-14T15:28:44+00:00","dateModified":"2023-12-21T14:17:13+00:00","mainEntityOfPage":{"@id":"https:\/\/www.centreon.com\/fr\/centreon-reference-au-socle-interministeriel-de-logiciels-libres-2018\/"},"wordCount":254,"publisher":{"@id":"https:\/\/www.centreon.com\/fr\/#organization"},"image":{"@id":"https:\/\/www.centreon.com\/fr\/centreon-reference-au-socle-interministeriel-de-logiciels-libres-2018\/#primaryimage"},"thumbnailUrl":"https:\/\/www.centreon.com\/uploads\/2018\/02\/Centreon_supervision_SILL_2018.jpg","inLanguage":"fr-FR"},{"@type":"WebPage","@id":"https:\/\/www.centreon.com\/fr\/centreon-reference-au-socle-interministeriel-de-logiciels-libres-2018\/","url":"https:\/\/www.centreon.com\/fr\/centreon-reference-au-socle-interministeriel-de-logiciels-libres-2018\/","name":"Centreon au Socle Interminist\u00e9riel de Logiciels Libres 2018","isPartOf":{"@id":"https:\/\/www.centreon.com\/fr\/#website"},"primaryImageOfPage":{"@id":"https:\/\/www.centreon.com\/fr\/centreon-reference-au-socle-interministeriel-de-logiciels-libres-2018\/#primaryimage"},"image":{"@id":"https:\/\/www.centreon.com\/fr\/centreon-reference-au-socle-interministeriel-de-logiciels-libres-2018\/#primaryimage"},"thumbnailUrl":"https:\/\/www.centreon.com\/uploads\/2018\/02\/Centreon_supervision_SILL_2018.jpg","datePublished":"2018-02-14T15:28:44+00:00","dateModified":"2023-12-21T14:17:13+00:00","description":"Centreon est \u00e0 nouveau r\u00e9f\u00e9renc\u00e9 au Socle Interminist\u00e9riel de Logiciels Libres dans la cat\u00e9gorie \u00ab Op\u00e9rations \u2013 Supervision\/Hypervision \u00bb.","breadcrumb":{"@id":"https:\/\/www.centreon.com\/fr\/centreon-reference-au-socle-interministeriel-de-logiciels-libres-2018\/#breadcrumb"},"inLanguage":"fr-FR","potentialAction":[{"@type":"ReadAction","target":["https:\/\/www.centreon.com\/fr\/centreon-reference-au-socle-interministeriel-de-logiciels-libres-2018\/"]}]},{"@type":"ImageObject","inLanguage":"fr-FR","@id":"https:\/\/www.centreon.com\/fr\/centreon-reference-au-socle-interministeriel-de-logiciels-libres-2018\/#primaryimage","url":"https:\/\/www.centreon.com\/uploads\/2018\/02\/Centreon_supervision_SILL_2018.jpg","contentUrl":"https:\/\/www.centreon.com\/uploads\/2018\/02\/Centreon_supervision_SILL_2018.jpg","width":500,"height":352},{"@type":"BreadcrumbList","@id":"https:\/\/www.centreon.com\/fr\/centreon-reference-au-socle-interministeriel-de-logiciels-libres-2018\/#breadcrumb","itemListElement":[{"@type":"ListItem","position":1,"name":"Home","item":"https:\/\/www.centreon.com\/fr\/"},{"@type":"ListItem","position":2,"name":"Centreon r\u00e9f\u00e9renc\u00e9 au Socle Interminist\u00e9riel de Logiciels Libres 2018"}]},{"@type":"WebSite","@id":"https:\/\/www.centreon.com\/fr\/#website","url":"https:\/\/www.centreon.com\/fr\/","name":"Centreon","description":"Just another WordPress site","publisher":{"@id":"https:\/\/www.centreon.com\/fr\/#organization"},"potentialAction":[{"@type":"SearchAction","target":{"@type":"EntryPoint","urlTemplate":"https:\/\/www.centreon.com\/fr\/?s={search_term_string}"},"query-input":{"@type":"PropertyValueSpecification","valueRequired":true,"valueName":"search_term_string"}}],"inLanguage":"fr-FR"},{"@type":"Organization","@id":"https:\/\/www.centreon.com\/fr\/#organization","name":"Centreon","url":"https:\/\/www.centreon.com\/fr\/","logo":{"@type":"ImageObject","inLanguage":"fr-FR","@id":"https:\/\/www.centreon.com\/fr\/#\/schema\/logo\/image\/","url":"https:\/\/www.centreon.com\/wp-content\/uploads\/2023\/07\/Logo_Centreon_Email_Signature_light_02.png","contentUrl":"https:\/\/www.centreon.com\/wp-content\/uploads\/2023\/07\/Logo_Centreon_Email_Signature_light_02.png","width":180,"height":42,"caption":"Centreon"},"image":{"@id":"https:\/\/www.centreon.com\/fr\/#\/schema\/logo\/image\/"},"sameAs":["https:\/\/www.facebook.com\/CentreonMonitoring\/","https:\/\/x.com\/CentreonFR","https:\/\/www.linkedin.com\/company\/centreonsoftware\/","https:\/\/www.youtube.com\/channel\/UCIKJKvZ8acLmEg2fCdDzsvA","https:\/\/fr.wikipedia.org\/wiki\/Centreon"]},{"@type":"Person","@id":"https:\/\/www.centreon.com\/fr\/#\/schema\/person\/c5bd0f4e75adbd1ee75f5d1f8a7ff419","name":"Thomas","image":{"@type":"ImageObject","inLanguage":"fr-FR","@id":"https:\/\/www.centreon.com\/fr\/#\/schema\/person\/image\/","url":"https:\/\/secure.gravatar.com\/avatar\/1d4c181e1a496d3d6d25441adb6830a23883e0f93ed97a30e4616fea3c950268?s=96&d=mm&r=g","contentUrl":"https:\/\/secure.gravatar.com\/avatar\/1d4c181e1a496d3d6d25441adb6830a23883e0f93ed97a30e4616fea3c950268?s=96&d=mm&r=g","caption":"Thomas"},"sameAs":["http:\/\/centreon.stagewink.com"]}]}},"_links":{"self":[{"href":"https:\/\/www.centreon.com\/fr\/wp-json\/wp\/v2\/posts\/19351","targetHints":{"allow":["GET"]}}],"collection":[{"href":"https:\/\/www.centreon.com\/fr\/wp-json\/wp\/v2\/posts"}],"about":[{"href":"https:\/\/www.centreon.com\/fr\/wp-json\/wp\/v2\/types\/post"}],"author":[{"embeddable":true,"href":"https:\/\/www.centreon.com\/fr\/wp-json\/wp\/v2\/users\/1"}],"replies":[{"embeddable":true,"href":"https:\/\/www.centreon.com\/fr\/wp-json\/wp\/v2\/comments?post=19351"}],"version-history":[{"count":2,"href":"https:\/\/www.centreon.com\/fr\/wp-json\/wp\/v2\/posts\/19351\/revisions"}],"predecessor-version":[{"id":34293,"href":"https:\/\/www.centreon.com\/fr\/wp-json\/wp\/v2\/posts\/19351\/revisions\/34293"}],"wp:featuredmedia":[{"embeddable":true,"href":"https:\/\/www.centreon.com\/fr\/wp-json\/wp\/v2\/media\/20940"}],"wp:attachment":[{"href":"https:\/\/www.centreon.com\/fr\/wp-json\/wp\/v2\/media?parent=19351"}],"wp:term":[{"taxonomy":"post-type","embeddable":true,"href":"https:\/\/www.centreon.com\/fr\/wp-json\/wp\/v2\/post-type?post=19351"},{"taxonomy":"theme","embeddable":true,"href":"https:\/\/www.centreon.com\/fr\/wp-json\/wp\/v2\/theme?post=19351"}],"curies":[{"name":"wp","href":"https:\/\/api.w.org\/{rel}","templated":true}]}}