{"id":19332,"date":"2017-11-13T14:52:03","date_gmt":"2017-11-13T13:52:03","guid":{"rendered":"https:\/\/www.centreon.com\/retour-dexperience-conseil-departemental-du-haut-rhin\/"},"modified":"2024-07-29T17:03:11","modified_gmt":"2024-07-29T15:03:11","slug":"retour-dexperience-conseil-departemental-du-haut-rhin","status":"publish","type":"post","link":"https:\/\/www.centreon.com\/fr\/retour-dexperience-conseil-departemental-du-haut-rhin\/","title":{"rendered":"Retour d\u2019exp\u00e9rience : Conseil D\u00e9partemental du Haut-Rhin"},"content":{"rendered":"<h2>En centralisant sa supervision avec Centreon, le Conseil D\u00e9partemental du Haut-Rhin gagne en productivit\u00e9 et en proactivit\u00e9 !<\/h2>\n<p><span style=\"font-size: 14pt;\">Le projet en quelques mots\u00a0:<\/span><\/p>\n<p><strong>Les enjeux\u00a0:<\/strong><\/p>\n<ul>\n<li>Passer d\u2019une supervision h\u00e9t\u00e9rog\u00e8ne et limit\u00e9e au hardware \u00e0 une solution unique de supervision<\/li>\n<li>Centraliser la supervision et d\u00e9velopper un meilleur service aux utilisateurs<\/li>\n<li>Gagner en visibilit\u00e9 pour am\u00e9liorer les services techniques et la disponibilit\u00e9 des applications m\u00e9tier<\/li>\n<li>Rationaliser les moyens de production<\/li>\n<\/ul>\n<p><strong>La solution :\u00a0<\/strong>Centreon<\/p>\n<p><strong>Les principaux b\u00e9n\u00e9fices\u00a0:<\/strong><\/p>\n<ul>\n<li>Des gains de productivit\u00e9 gr\u00e2ce une industrialisation des processus (- 30 minutes \/jour\/op\u00e9rateur)<\/li>\n<li>Une meilleure visibilit\u00e9 gr\u00e2ce \u00e0 une supervision centralis\u00e9e et consolid\u00e9e et un point d\u2019entr\u00e9e unique<\/li>\n<li>Un outil de communication avec les m\u00e9tiers et la direction g\u00e9n\u00e9rale<\/li>\n<\/ul>\n<p><img fetchpriority=\"low\" loading=\"lazy\" decoding=\"async\" class=\"aligncenter wp-image-26269 size-medium\" src=\"https:\/\/www.centreon.com\/wp-content\/uploads\/2018\/08\/CG68-300x96.jpg\" alt=\"Centreon, supervision informatique\" width=\"300\" height=\"96\" \/><\/p>\n<p><em>Lorsqu\u2019en 2010, la DSI du Conseil D\u00e9partemental du Haut Rhin d\u00e9cide de consolider son SI et de faire fortement \u00e9voluer ses applications m\u00e9tier, elle choisit de structurer sa supervision au sein d\u2019un outil unique, central et ergonomique. L\u2019objectif est de centraliser les donn\u00e9es de supervision, de rendre un meilleur service aux utilisateurs, de gagner en visibilit\u00e9 et en productivit\u00e9 et de mieux piloter les moyens de production. Le projet d\u00e9marre avec un seul serveur supervis\u00e9 et la solution open source de Centreon. Quelques ann\u00e9es plus tard, les objectifs sont atteints, voire d\u00e9pass\u00e9s avec des gains de productivit\u00e9 de pr\u00e8s de 30 minutes par op\u00e9rateur et par jour. L\u2019ensemble du SI est \u00e0 pr\u00e9sent supervis\u00e9, y compris ses t\u00e2ches m\u00e9tiers critiques gr\u00e2ce \u00e0 la solution Centreon, devenu un v\u00e9ritable r\u00e9flexe pour les \u00e9quipes.<\/em><\/p>\n<blockquote><p><strong><span style=\"\"><em>\u00ab\u00a0Le d\u00e9ploiement de nouvelles solutions m\u00e9tiers a mis en lumi\u00e8re la n\u00e9cessit\u00e9 de disposer d\u2019une solution de supervision IT unique, centralis\u00e9e et applicative. \u00bb<\/em><\/span><\/strong><\/p><\/blockquote>\n<p>&nbsp;<\/p>\n<p>Le D\u00e9partement du Haut Rhin est en charge, sur son territoire, de l\u2019action sociale, l\u2019insertion, l\u2019aide aux personnes \u00e2g\u00e9es et en situation de handicap, la protection de l\u2019enfance mais aussi les coll\u00e8ges et les infrastructures routi\u00e8res.<\/p>\n<p>En 2010, la DSI, qui compte 50 collaborateurs, engage une phase de consolidation du syst\u00e8me d\u2019information et d\u2019\u00e9volution de ses solutions m\u00e9tier (RH, gestion, finance, etc.). La question d\u2019une supervision unique et centralis\u00e9e se pose alors tr\u00e8s clairement. Historiquement, l\u2019\u00e9quipe Production supervisait le mat\u00e9riel et les r\u00e9seaux via les solutions de supervision propos\u00e9es par les fournisseurs de hardware.<\/p>\n<p><em>\u00ab\u00a0Plusieurs OS cohabitaient et autant de syst\u00e8mes de supervision &#8211; dont un tr\u00e8s basique d\u00e9velopp\u00e9 en interne &#8211; qui n\u2019int\u00e9graient pas la notion de service,\u00a0\u00bb <\/em>se souvient R\u00e9douane Majjad, responsable de la production informatique au sein de la DSI du D\u00e9partement du Haut Rhin. <em>\u00a0\u00ab\u00a0Avec la mont\u00e9e en qualit\u00e9 de notre SI, il \u00e9tait devenu imp\u00e9ratif de disposer d\u2019une solution de supervision unique, capable de piloter nos applications m\u00e9tier mais aussi d\u2019informer nos utilisateurs en amont des pannes et dysfonctionnements, de d\u00e9velopper la pro activit\u00e9 au sein de la production informatique et d\u2019am\u00e9liorer les service techniques et la disponibilit\u00e9 des applications m\u00e9tier.\u00bb <\/em><\/p>\n<blockquote><p><strong><span style=\"\"><em>\u00ab\u00a0Nous recherchions une solution de supervision souple et ouverte, qui nous permette de disposer d\u2019un point d\u2019entr\u00e9e unique pour le pilotage de notre SI. L\u2019objectif \u00e9tait de consolider toutes les donn\u00e9es de supervision pour analyser la consommation de nos ressources IT et rationnaliser nos moyens de production.\u00a0<\/em>\u00bb<\/span><\/strong><\/p><\/blockquote>\n<p>&nbsp;<\/p>\n<p>D\u00e9bute alors une veille technologique pour identifier les outils de supervision IT du march\u00e9 qui rassembleraient les crit\u00e8res d\u00e9finis par l\u2019\u00e9quipe, comme l\u2019explique R\u00e9douane Majjad\u00a0: <em>\u00ab\u00a0La solution devait nous permettre de surveiller l\u2019\u00e9tat de sant\u00e9 de notre SI, offrir un service optimal \u00e0 nos utilisateurs, pr\u00e9venir et anticiper les pannes mais aussi mieux ma\u00eetriser nos moyens de production \u00bb.<\/em> En effet, au-del\u00e0 de la surveillance de l\u2019\u00e9tat de sant\u00e9 du SI, la mise en place d\u2019une solution unique de supervision IT avait pour objectif de consolider l\u2019ensemble des donn\u00e9es de supervision afin de mesurer la consommation des ressources IT et rationnaliser les moyens de production.<\/p>\n<p>Rapidement, la solution de supervision de Centreon est identifi\u00e9e par les \u00e9quipes qui, \u00e0 l\u2019\u00e9poque, sont s\u00e9duites par sa base Nagios et son ouverture mais aussi la mise \u00e0 disposition de plugins pr\u00eats \u00e0 l\u2019emploi qui vont leur permettre de gagner du temps.<\/p>\n<blockquote><p><strong><em>\u00ab Nous collections d\u00e9j\u00e0 des donn\u00e9es sur la consommation de nos serveurs virtualis\u00e9s avec VMware et nous souhaitions centraliser dans un seul outil et via une interface unique toutes nos donn\u00e9es de supervision. Centreon le permettait. Le POC a fini de nous convaincre et le choix que nous avons fait a \u00e9t\u00e9 consolid\u00e9 par la suite ! \u00bb<\/em> pr\u00e9cise R\u00e9douane Majjad. <\/strong><\/p><\/blockquote>\n<p>&nbsp;<\/p>\n<p>Les \u00e9quipes appr\u00e9cient rapidement l\u2019\u00e9coute dont font preuve les \u00e9quipes Centreon ainsi que la grande souplesse offerte par la solution qui permet aussi bien d\u2019exploiter des connecteurs pr\u00eats \u00e0 l\u2019emploi (Plugin Packs) que d\u2019\u00e9crire des scripts. \u00a0Les premiers d\u00e9ploiements se font avec Centreon Open Source sur un p\u00e9rim\u00e8tre qui ne va cesser d\u2019\u00e9voluer et qui va amener les \u00e9quipes \u00e0 opter pour l&rsquo;\u00e9dition Business de Centreon, incluant les vues et tableaux de bord, les rapports et la mod\u00e9lisation des services IT afin d\u2019enrichir la supervision de nouvelles possibilit\u00e9s.<\/p>\n<blockquote><p><strong><span style=\"\"><em>\u00ab Nous avons structur\u00e9 et centralis\u00e9 notre supervision dans un seul outil. Toutes les t\u00e2ches d\u2019exploitation sont monitor\u00e9es ainsi que les applications m\u00e9tier et les applications sociales, dont la disponibilit\u00e9 est critique pour nos usagers. \u00bb<\/em><\/span><\/strong><\/p><\/blockquote>\n<p>&nbsp;<\/p>\n<p>Le p\u00e9rim\u00e8tre de supervision couvre \u00e0 pr\u00e9sent l\u2019ensemble du SI (serveurs de bases de donn\u00e9es, serveur central, services tel que le stockage, les services web, les applications m\u00e9tier, etc.), ce qui repr\u00e9sente plus de 1000 hosts et 12.500 services.\u00a0<em>\u00ab\u00a0Toutes les t\u00e2ches d\u2019exploitation et les jobs de traitement sont monitor\u00e9s, certains toutes les 5 minutes, gr\u00e2ce \u00e0 une interface avec l\u2019outil d\u2019ordonnancement Open Source Job Scheduler, et chaque nouvelle application est supervis\u00e9e,\u00a0\u00bb<\/em> explique R\u00e9douane Majjad.<\/p>\n<blockquote><p><strong><em>\u00ab\u00a0Nous n\u2019utilisons quasiment plus les outils fournis par les \u00e9diteurs sauf parfois pour collecter des donn\u00e9es. Nous avons structur\u00e9 et industrialis\u00e9 notre supervision sur un large p\u00e9rim\u00e8tre qui va des t\u00e2ches d\u2019exploitation aux t\u00e2ches m\u00e9tier avec la supervision des applications sociales, dont la disponibilit\u00e9 est critique. Nous pilotons \u00e9galement les processus de d\u00e9mat\u00e9rialisation de nos factures.\u00a0\u00bb<\/em> <\/strong><\/p><\/blockquote>\n<p>&nbsp;<\/p>\n<p>Les b\u00e9n\u00e9fices constat\u00e9s sont nombreux et ont chang\u00e9 la fa\u00e7on de travailler des \u00e9quipes qui s\u2019appuient au quotidien sur la solution centralis\u00e9e. Gr\u00e2ce \u00e0 la mise en place de Centreon, nombre de processus ont \u00e9t\u00e9 automatis\u00e9s offrant des gains d\u2019efficacit\u00e9 significatifs.<\/p>\n<blockquote><p><strong><em>\u00ab\u00a0La productivit\u00e9 de la DSI a augment\u00e9 et nos op\u00e9rateurs de l\u2019exploitation ont gagn\u00e9 en moyenne 30 minutes chaque jour dans la gestion des incidents. Les t\u00e2ches r\u00e9barbatives disparaissent progressivement au profit de t\u00e2ches \u00e0 plus forte valeur ajout\u00e9e,\u00bb<\/em> souligne R\u00e9douane Majjad. <\/strong><\/p><\/blockquote>\n<p>&nbsp;<\/p>\n<p>Les outils de supervision ont \u00e9t\u00e9 mis \u00e0 disposition des services techniques qui b\u00e9n\u00e9ficient automatiquement d\u2019une information temps r\u00e9el et d\u2019outils de cartographie par service.<\/p>\n<p>Prochaines \u00e9tapes, d\u00e9velopper de nouveaux automatismes avec la solution d\u2019ITSM <a href=\"https:\/\/www.centreon.com\/blog\/integrer-centreon-avec-servicenow-event-management\/\" target=\"_blank\" rel=\"noopener noreferrer\">ServiceNow<\/a> afin de cr\u00e9er automatiquement des tickets et renforcer la communication avec les m\u00e9tiers gr\u00e2ce aux vues et tableaux de bord de Centreon. Les \u00e9quipes de production envisagent en effet d\u2019\u00e9largir les usages de la supervision \u00e0 d\u2019autres services comme le confirme R\u00e9douane Majjad : <em>\u00ab Nous avons mis en \u0153uvre une cartographie des r\u00e9seaux et du wifi avec Centreon, ce qui nous permet de disposer d\u2019une vue sur tout le r\u00e9seau et de zoomer ais\u00e9ment en cas d\u2019incidents. Nous souhaitons rapidement proposer l\u2019utilisation de cet outil aux m\u00e9tiers afin de mieux communiquer avec eux. En parall\u00e8le, nous d\u00e9veloppons des tableaux de bord \u00e0 destination des utilisateurs afin de montrer, \u00e0 travers des faits et non des ressentis, que la DSI fait bien son travail ! \u00bb<\/em><\/p>\n<blockquote><p><strong><span style=\"\"><em>\u00ab Non seulement nous avons gagn\u00e9 en productivit\u00e9 \u2013 30 minutes par jour et par op\u00e9rateur \u2013 mais nous disposons \u00e0 pr\u00e9sent d\u2019une vision unique, d\u2019une meilleure visibilit\u00e9 et d\u2019outils pour valoriser le travail de la DSI. Nous ne pourrions plus nous passer de Centreon. C\u2019est devenu un r\u00e9flexe : avant chaque projet, nous pensons supervision ! \u00bb<\/em><\/span><\/strong><\/p><\/blockquote>\n<p>&nbsp;<\/p>\n<p><strong>Pour aller plus loin<\/strong><\/p>\n<ul>\n<li><strong>Carnet d\u2019exp\u00e9riences \u00ab <a href=\"https:\/\/awesome.centreon.com\/carnet-dexp\u00e9rience-superviser-tout-partout?utm_source=blog&amp;utm_medium=blog&amp;utm_campaign=ebook-maa\" target=\"_blank\" rel=\"noopener\">Superviser tout, partout<\/a> \u00bb<\/strong>. D\u00e9couvrez comment relever le triple d\u00e9fi de l\u2019excellence op\u00e9rationnelle, en vous inspirant des t\u00e9moignages de 9 entreprises qui ont atteint leurs objectifs de disponibilit\u00e9, efficacit\u00e9 et performance. <a href=\"https:\/\/awesome.centreon.com\/carnet-dexp\u00e9rience-superviser-tout-partout?utm_source=blog&amp;utm_medium=blog&amp;utm_campaign=ebook-maa\" target=\"_blank\" rel=\"noopener\">T\u00e9l\u00e9charger le carnet d\u2019exp\u00e9riences<\/a>.<\/li>\n<li>Explorer ces bonnes pratiques de supervision, avec notre guide pratique \u00ab\u00a0<a href=\"https:\/\/awesome.centreon.com\/fr\/guide-7-bonnes-pratiques-de-supervision-indispensables-pour-etendre-sa-visibilite-it?utm_source=blog&amp;utm_campaign=guide-monitoring-best-practices\" target=\"_blank\" rel=\"noopener\">7 bonnes pratiques de supervision indispensables pour \u00e9tendre sa visibilit\u00e9 sur l\u2019IT<\/a>\u00a0\u00bb. Ce guide illustr\u00e9 de plus de 20 t\u00e9moignages d\u2019utilisateurs Centreon, vous aidera \u00e0 choisir la solution de supervision qui vous garantira le meilleur niveau de visibilit\u00e9 sur vos SI, Cloud et non-Cloud. T\u00e9l\u00e9charger le\u00a0<a href=\"https:\/\/awesome.centreon.com\/fr\/guide-7-bonnes-pratiques-de-supervision-indispensables-pour-etendre-sa-visibilite-it?utm_source=blog&amp;utm_campaign=guide-monitoring-best-practices\" target=\"_blank\" rel=\"noopener\">guide pratique<\/a>.<\/li>\n<li>Si vous recherchez une solution pour b\u00e9n\u00e9ficier de plus grandes capacit\u00e9s de supervision, notre guide d\u2019achat illustr\u00e9 de t\u00e9moignages utilisateurs <a href=\"https:\/\/awesome.centreon.com\/fr\/supervision-it-tco-vol-3-aligner-capacit%C3%A9s-budget-de-supervision?utm_source=blog&amp;utm_medium=medium&amp;utm_campaign=TCO-WP3\" target=\"_blank\" rel=\"noopener\">\u00ab\u00a0comment aligner capacit\u00e9s et budget de supervision avec l\u2019analyse TCO\u00a0\u00bb<\/a> vous aidera \u00e0 choisir la solution dont vous avez besoin. T\u00e9l\u00e9charger <a href=\"https:\/\/awesome.centreon.com\/fr\/supervision-it-tco-vol-3-aligner-capacit%C3%A9s-budget-de-supervision?utm_source=blog&amp;utm_medium=medium&amp;utm_campaign=TCO-WP3\" target=\"_blank\" rel=\"noopener\">notre contenu d\u2019expert<\/a>.<\/li>\n<li>Retrouver\u00a0<a href=\"https:\/\/www.centreon.com\/centre-de-ressources\/\" target=\"_blank\" rel=\"noopener\">toutes nos ressources<\/a>: ebooks, guides, \u00e9tudes, t\u00e9moignages, tutoriels et plus pour vous aider dans votre parcours de supervision IT.\ud83d\ude42<\/li>\n<li>Rejoignez la communaut\u00e9 Centreon sur\u00a0<a href=\"https:\/\/thewatch.centreon.com\/\" target=\"_blank\" rel=\"noopener\">The Watch<\/a>.<\/li>\n<li><a href=\"https:\/\/www.centreon.com\/fr\/contact\/?utm_source=blog&amp;utm_medium=medium&amp;utm_campaign=campaign\" target=\"_blank\" rel=\"noopener\">Contactez-nous pour une d\u00e9mo personnalis\u00e9e<\/a> et posez toutes les questions que vous souhaitez \u00e0 nos experts en supervision.<\/li>\n<li>Pour rester inform\u00e9 des nouveaut\u00e9s ou des \u00e9v\u00e9nements de Centreon,\u00a0<a href=\"https:\/\/share-eu1.hsforms.com\/1pHYRPStdRUe2C4moBX4MVgfits7?__hstc=201549006.ca07ee406ec534a99d0f845efdd974d3.1682076508348.1695206936936.1695208889827.296&amp;__hssc=201549006.33.1695208889827&amp;__hsfp=109855217\" target=\"_blank\" rel=\"noopener\">inscrivez-vous \u00e0 notre lettre d\u2019information mensuelle<\/a>.<\/li>\n<\/ul>\n","protected":false},"excerpt":{"rendered":"<p>En centralisant sa supervision avec Centreon, le Conseil D\u00e9partemental du Haut-Rhin gagne en productivit\u00e9 et en proactivit\u00e9 ! Le projet en quelques mots\u00a0: Les enjeux\u00a0: Passer d\u2019une supervision h\u00e9t\u00e9rog\u00e8ne et limit\u00e9e au hardware \u00e0 une&nbsp;&#8230;<\/p>\n","protected":false},"author":1,"featured_media":4195,"comment_status":"closed","ping_status":"closed","sticky":false,"template":"","format":"standard","meta":{"_acf_changed":false,"footnotes":""},"post-type":[103,1050],"theme":[1017],"class_list":["post-19332","post","type-post","status-publish","format-standard","has-post-thumbnail","hentry","post-type-paroles-dutilisateurs","post-type-public-fr","theme-retours-dexperiences-fr"],"acf":[],"yoast_head":"<!-- This site is optimized with the Yoast SEO plugin v26.6 - https:\/\/yoast.com\/wordpress\/plugins\/seo\/ -->\n<title>Retour d\u2019exp\u00e9rience : Conseil D\u00e9partemental du Haut-Rhin<\/title>\n<meta name=\"description\" content=\"En centralisant sa supervision avec Centreon, le Conseil D\u00e9partemental du Haut-Rhin gagne en productivit\u00e9 et en proactivit\u00e9 !\" \/>\n<meta name=\"robots\" content=\"index, follow, max-snippet:-1, max-image-preview:large, max-video-preview:-1\" \/>\n<link rel=\"canonical\" href=\"https:\/\/www.centreon.com\/fr\/retour-dexperience-conseil-departemental-du-haut-rhin\/\" \/>\n<meta property=\"og:locale\" content=\"fr_FR\" \/>\n<meta property=\"og:type\" content=\"article\" \/>\n<meta property=\"og:title\" content=\"Retour d\u2019exp\u00e9rience : Conseil D\u00e9partemental du Haut-Rhin\" \/>\n<meta property=\"og:description\" content=\"En centralisant sa supervision avec Centreon, le Conseil D\u00e9partemental du Haut-Rhin gagne en productivit\u00e9 et en proactivit\u00e9 !\" \/>\n<meta property=\"og:url\" content=\"https:\/\/www.centreon.com\/fr\/retour-dexperience-conseil-departemental-du-haut-rhin\/\" \/>\n<meta property=\"og:site_name\" content=\"Centreon\" \/>\n<meta property=\"article:publisher\" content=\"https:\/\/www.facebook.com\/CentreonMonitoring\/\" \/>\n<meta property=\"article:published_time\" content=\"2017-11-13T13:52:03+00:00\" \/>\n<meta property=\"article:modified_time\" content=\"2024-07-29T15:03:11+00:00\" \/>\n<meta property=\"og:image\" content=\"https:\/\/www.centreon.com\/wp-content\/uploads\/2022\/10\/Centreon-Haut-Rhin.jpg\" \/>\n\t<meta property=\"og:image:width\" content=\"500\" \/>\n\t<meta property=\"og:image:height\" content=\"333\" \/>\n\t<meta property=\"og:image:type\" content=\"image\/jpeg\" \/>\n<meta name=\"author\" content=\"Thomas\" \/>\n<meta name=\"twitter:card\" content=\"summary_large_image\" \/>\n<meta name=\"twitter:creator\" content=\"@CentreonFR\" \/>\n<meta name=\"twitter:site\" content=\"@CentreonFR\" \/>\n<meta name=\"twitter:label1\" content=\"\u00c9crit par\" \/>\n\t<meta name=\"twitter:data1\" content=\"Thomas\" \/>\n\t<meta name=\"twitter:label2\" content=\"Dur\u00e9e de lecture estim\u00e9e\" \/>\n\t<meta name=\"twitter:data2\" content=\"6 minutes\" \/>\n<script type=\"application\/ld+json\" class=\"yoast-schema-graph\">{\"@context\":\"https:\/\/schema.org\",\"@graph\":[{\"@type\":\"Article\",\"@id\":\"https:\/\/www.centreon.com\/fr\/retour-dexperience-conseil-departemental-du-haut-rhin\/#article\",\"isPartOf\":{\"@id\":\"https:\/\/www.centreon.com\/fr\/retour-dexperience-conseil-departemental-du-haut-rhin\/\"},\"author\":{\"name\":\"Thomas\",\"@id\":\"https:\/\/www.centreon.com\/fr\/#\/schema\/person\/c5bd0f4e75adbd1ee75f5d1f8a7ff419\"},\"headline\":\"Retour d\u2019exp\u00e9rience : Conseil D\u00e9partemental du Haut-Rhin\",\"datePublished\":\"2017-11-13T13:52:03+00:00\",\"dateModified\":\"2024-07-29T15:03:11+00:00\",\"mainEntityOfPage\":{\"@id\":\"https:\/\/www.centreon.com\/fr\/retour-dexperience-conseil-departemental-du-haut-rhin\/\"},\"wordCount\":1676,\"publisher\":{\"@id\":\"https:\/\/www.centreon.com\/fr\/#organization\"},\"image\":{\"@id\":\"https:\/\/www.centreon.com\/fr\/retour-dexperience-conseil-departemental-du-haut-rhin\/#primaryimage\"},\"thumbnailUrl\":\"https:\/\/www.centreon.com\/uploads\/2022\/10\/Centreon-Haut-Rhin.jpg\",\"inLanguage\":\"fr-FR\"},{\"@type\":\"WebPage\",\"@id\":\"https:\/\/www.centreon.com\/fr\/retour-dexperience-conseil-departemental-du-haut-rhin\/\",\"url\":\"https:\/\/www.centreon.com\/fr\/retour-dexperience-conseil-departemental-du-haut-rhin\/\",\"name\":\"Retour d\u2019exp\u00e9rience : Conseil D\u00e9partemental du Haut-Rhin\",\"isPartOf\":{\"@id\":\"https:\/\/www.centreon.com\/fr\/#website\"},\"primaryImageOfPage\":{\"@id\":\"https:\/\/www.centreon.com\/fr\/retour-dexperience-conseil-departemental-du-haut-rhin\/#primaryimage\"},\"image\":{\"@id\":\"https:\/\/www.centreon.com\/fr\/retour-dexperience-conseil-departemental-du-haut-rhin\/#primaryimage\"},\"thumbnailUrl\":\"https:\/\/www.centreon.com\/uploads\/2022\/10\/Centreon-Haut-Rhin.jpg\",\"datePublished\":\"2017-11-13T13:52:03+00:00\",\"dateModified\":\"2024-07-29T15:03:11+00:00\",\"description\":\"En centralisant sa supervision avec Centreon, le Conseil D\u00e9partemental du Haut-Rhin gagne en productivit\u00e9 et en proactivit\u00e9 !\",\"breadcrumb\":{\"@id\":\"https:\/\/www.centreon.com\/fr\/retour-dexperience-conseil-departemental-du-haut-rhin\/#breadcrumb\"},\"inLanguage\":\"fr-FR\",\"potentialAction\":[{\"@type\":\"ReadAction\",\"target\":[\"https:\/\/www.centreon.com\/fr\/retour-dexperience-conseil-departemental-du-haut-rhin\/\"]}]},{\"@type\":\"ImageObject\",\"inLanguage\":\"fr-FR\",\"@id\":\"https:\/\/www.centreon.com\/fr\/retour-dexperience-conseil-departemental-du-haut-rhin\/#primaryimage\",\"url\":\"https:\/\/www.centreon.com\/uploads\/2022\/10\/Centreon-Haut-Rhin.jpg\",\"contentUrl\":\"https:\/\/www.centreon.com\/uploads\/2022\/10\/Centreon-Haut-Rhin.jpg\",\"width\":500,\"height\":333},{\"@type\":\"BreadcrumbList\",\"@id\":\"https:\/\/www.centreon.com\/fr\/retour-dexperience-conseil-departemental-du-haut-rhin\/#breadcrumb\",\"itemListElement\":[{\"@type\":\"ListItem\",\"position\":1,\"name\":\"Home\",\"item\":\"https:\/\/www.centreon.com\/fr\/\"},{\"@type\":\"ListItem\",\"position\":2,\"name\":\"Retour d\u2019exp\u00e9rience : Conseil D\u00e9partemental du Haut-Rhin\"}]},{\"@type\":\"WebSite\",\"@id\":\"https:\/\/www.centreon.com\/fr\/#website\",\"url\":\"https:\/\/www.centreon.com\/fr\/\",\"name\":\"Centreon\",\"description\":\"Just another WordPress site\",\"publisher\":{\"@id\":\"https:\/\/www.centreon.com\/fr\/#organization\"},\"potentialAction\":[{\"@type\":\"SearchAction\",\"target\":{\"@type\":\"EntryPoint\",\"urlTemplate\":\"https:\/\/www.centreon.com\/fr\/?s={search_term_string}\"},\"query-input\":{\"@type\":\"PropertyValueSpecification\",\"valueRequired\":true,\"valueName\":\"search_term_string\"}}],\"inLanguage\":\"fr-FR\"},{\"@type\":\"Organization\",\"@id\":\"https:\/\/www.centreon.com\/fr\/#organization\",\"name\":\"Centreon\",\"url\":\"https:\/\/www.centreon.com\/fr\/\",\"logo\":{\"@type\":\"ImageObject\",\"inLanguage\":\"fr-FR\",\"@id\":\"https:\/\/www.centreon.com\/fr\/#\/schema\/logo\/image\/\",\"url\":\"https:\/\/www.centreon.com\/wp-content\/uploads\/2023\/07\/Logo_Centreon_Email_Signature_light_02.png\",\"contentUrl\":\"https:\/\/www.centreon.com\/wp-content\/uploads\/2023\/07\/Logo_Centreon_Email_Signature_light_02.png\",\"width\":180,\"height\":42,\"caption\":\"Centreon\"},\"image\":{\"@id\":\"https:\/\/www.centreon.com\/fr\/#\/schema\/logo\/image\/\"},\"sameAs\":[\"https:\/\/www.facebook.com\/CentreonMonitoring\/\",\"https:\/\/x.com\/CentreonFR\",\"https:\/\/www.linkedin.com\/company\/centreonsoftware\/\",\"https:\/\/www.youtube.com\/channel\/UCIKJKvZ8acLmEg2fCdDzsvA\",\"https:\/\/fr.wikipedia.org\/wiki\/Centreon\"]},{\"@type\":\"Person\",\"@id\":\"https:\/\/www.centreon.com\/fr\/#\/schema\/person\/c5bd0f4e75adbd1ee75f5d1f8a7ff419\",\"name\":\"Thomas\",\"image\":{\"@type\":\"ImageObject\",\"inLanguage\":\"fr-FR\",\"@id\":\"https:\/\/www.centreon.com\/fr\/#\/schema\/person\/image\/\",\"url\":\"https:\/\/secure.gravatar.com\/avatar\/1d4c181e1a496d3d6d25441adb6830a23883e0f93ed97a30e4616fea3c950268?s=96&d=mm&r=g\",\"contentUrl\":\"https:\/\/secure.gravatar.com\/avatar\/1d4c181e1a496d3d6d25441adb6830a23883e0f93ed97a30e4616fea3c950268?s=96&d=mm&r=g\",\"caption\":\"Thomas\"},\"sameAs\":[\"http:\/\/centreon.stagewink.com\"]}]}<\/script>\n<!-- \/ Yoast SEO plugin. -->","yoast_head_json":{"title":"Retour d\u2019exp\u00e9rience : Conseil D\u00e9partemental du Haut-Rhin","description":"En centralisant sa supervision avec Centreon, le Conseil D\u00e9partemental du Haut-Rhin gagne en productivit\u00e9 et en proactivit\u00e9 !","robots":{"index":"index","follow":"follow","max-snippet":"max-snippet:-1","max-image-preview":"max-image-preview:large","max-video-preview":"max-video-preview:-1"},"canonical":"https:\/\/www.centreon.com\/fr\/retour-dexperience-conseil-departemental-du-haut-rhin\/","og_locale":"fr_FR","og_type":"article","og_title":"Retour d\u2019exp\u00e9rience : Conseil D\u00e9partemental du Haut-Rhin","og_description":"En centralisant sa supervision avec Centreon, le Conseil D\u00e9partemental du Haut-Rhin gagne en productivit\u00e9 et en proactivit\u00e9 !","og_url":"https:\/\/www.centreon.com\/fr\/retour-dexperience-conseil-departemental-du-haut-rhin\/","og_site_name":"Centreon","article_publisher":"https:\/\/www.facebook.com\/CentreonMonitoring\/","article_published_time":"2017-11-13T13:52:03+00:00","article_modified_time":"2024-07-29T15:03:11+00:00","og_image":[{"width":500,"height":333,"url":"https:\/\/www.centreon.com\/wp-content\/uploads\/2022\/10\/Centreon-Haut-Rhin.jpg","type":"image\/jpeg"}],"author":"Thomas","twitter_card":"summary_large_image","twitter_creator":"@CentreonFR","twitter_site":"@CentreonFR","twitter_misc":{"\u00c9crit par":"Thomas","Dur\u00e9e de lecture estim\u00e9e":"6 minutes"},"schema":{"@context":"https:\/\/schema.org","@graph":[{"@type":"Article","@id":"https:\/\/www.centreon.com\/fr\/retour-dexperience-conseil-departemental-du-haut-rhin\/#article","isPartOf":{"@id":"https:\/\/www.centreon.com\/fr\/retour-dexperience-conseil-departemental-du-haut-rhin\/"},"author":{"name":"Thomas","@id":"https:\/\/www.centreon.com\/fr\/#\/schema\/person\/c5bd0f4e75adbd1ee75f5d1f8a7ff419"},"headline":"Retour d\u2019exp\u00e9rience : Conseil D\u00e9partemental du Haut-Rhin","datePublished":"2017-11-13T13:52:03+00:00","dateModified":"2024-07-29T15:03:11+00:00","mainEntityOfPage":{"@id":"https:\/\/www.centreon.com\/fr\/retour-dexperience-conseil-departemental-du-haut-rhin\/"},"wordCount":1676,"publisher":{"@id":"https:\/\/www.centreon.com\/fr\/#organization"},"image":{"@id":"https:\/\/www.centreon.com\/fr\/retour-dexperience-conseil-departemental-du-haut-rhin\/#primaryimage"},"thumbnailUrl":"https:\/\/www.centreon.com\/uploads\/2022\/10\/Centreon-Haut-Rhin.jpg","inLanguage":"fr-FR"},{"@type":"WebPage","@id":"https:\/\/www.centreon.com\/fr\/retour-dexperience-conseil-departemental-du-haut-rhin\/","url":"https:\/\/www.centreon.com\/fr\/retour-dexperience-conseil-departemental-du-haut-rhin\/","name":"Retour d\u2019exp\u00e9rience : Conseil D\u00e9partemental du Haut-Rhin","isPartOf":{"@id":"https:\/\/www.centreon.com\/fr\/#website"},"primaryImageOfPage":{"@id":"https:\/\/www.centreon.com\/fr\/retour-dexperience-conseil-departemental-du-haut-rhin\/#primaryimage"},"image":{"@id":"https:\/\/www.centreon.com\/fr\/retour-dexperience-conseil-departemental-du-haut-rhin\/#primaryimage"},"thumbnailUrl":"https:\/\/www.centreon.com\/uploads\/2022\/10\/Centreon-Haut-Rhin.jpg","datePublished":"2017-11-13T13:52:03+00:00","dateModified":"2024-07-29T15:03:11+00:00","description":"En centralisant sa supervision avec Centreon, le Conseil D\u00e9partemental du Haut-Rhin gagne en productivit\u00e9 et en proactivit\u00e9 !","breadcrumb":{"@id":"https:\/\/www.centreon.com\/fr\/retour-dexperience-conseil-departemental-du-haut-rhin\/#breadcrumb"},"inLanguage":"fr-FR","potentialAction":[{"@type":"ReadAction","target":["https:\/\/www.centreon.com\/fr\/retour-dexperience-conseil-departemental-du-haut-rhin\/"]}]},{"@type":"ImageObject","inLanguage":"fr-FR","@id":"https:\/\/www.centreon.com\/fr\/retour-dexperience-conseil-departemental-du-haut-rhin\/#primaryimage","url":"https:\/\/www.centreon.com\/uploads\/2022\/10\/Centreon-Haut-Rhin.jpg","contentUrl":"https:\/\/www.centreon.com\/uploads\/2022\/10\/Centreon-Haut-Rhin.jpg","width":500,"height":333},{"@type":"BreadcrumbList","@id":"https:\/\/www.centreon.com\/fr\/retour-dexperience-conseil-departemental-du-haut-rhin\/#breadcrumb","itemListElement":[{"@type":"ListItem","position":1,"name":"Home","item":"https:\/\/www.centreon.com\/fr\/"},{"@type":"ListItem","position":2,"name":"Retour d\u2019exp\u00e9rience : Conseil D\u00e9partemental du Haut-Rhin"}]},{"@type":"WebSite","@id":"https:\/\/www.centreon.com\/fr\/#website","url":"https:\/\/www.centreon.com\/fr\/","name":"Centreon","description":"Just another WordPress site","publisher":{"@id":"https:\/\/www.centreon.com\/fr\/#organization"},"potentialAction":[{"@type":"SearchAction","target":{"@type":"EntryPoint","urlTemplate":"https:\/\/www.centreon.com\/fr\/?s={search_term_string}"},"query-input":{"@type":"PropertyValueSpecification","valueRequired":true,"valueName":"search_term_string"}}],"inLanguage":"fr-FR"},{"@type":"Organization","@id":"https:\/\/www.centreon.com\/fr\/#organization","name":"Centreon","url":"https:\/\/www.centreon.com\/fr\/","logo":{"@type":"ImageObject","inLanguage":"fr-FR","@id":"https:\/\/www.centreon.com\/fr\/#\/schema\/logo\/image\/","url":"https:\/\/www.centreon.com\/wp-content\/uploads\/2023\/07\/Logo_Centreon_Email_Signature_light_02.png","contentUrl":"https:\/\/www.centreon.com\/wp-content\/uploads\/2023\/07\/Logo_Centreon_Email_Signature_light_02.png","width":180,"height":42,"caption":"Centreon"},"image":{"@id":"https:\/\/www.centreon.com\/fr\/#\/schema\/logo\/image\/"},"sameAs":["https:\/\/www.facebook.com\/CentreonMonitoring\/","https:\/\/x.com\/CentreonFR","https:\/\/www.linkedin.com\/company\/centreonsoftware\/","https:\/\/www.youtube.com\/channel\/UCIKJKvZ8acLmEg2fCdDzsvA","https:\/\/fr.wikipedia.org\/wiki\/Centreon"]},{"@type":"Person","@id":"https:\/\/www.centreon.com\/fr\/#\/schema\/person\/c5bd0f4e75adbd1ee75f5d1f8a7ff419","name":"Thomas","image":{"@type":"ImageObject","inLanguage":"fr-FR","@id":"https:\/\/www.centreon.com\/fr\/#\/schema\/person\/image\/","url":"https:\/\/secure.gravatar.com\/avatar\/1d4c181e1a496d3d6d25441adb6830a23883e0f93ed97a30e4616fea3c950268?s=96&d=mm&r=g","contentUrl":"https:\/\/secure.gravatar.com\/avatar\/1d4c181e1a496d3d6d25441adb6830a23883e0f93ed97a30e4616fea3c950268?s=96&d=mm&r=g","caption":"Thomas"},"sameAs":["http:\/\/centreon.stagewink.com"]}]}},"_links":{"self":[{"href":"https:\/\/www.centreon.com\/fr\/wp-json\/wp\/v2\/posts\/19332","targetHints":{"allow":["GET"]}}],"collection":[{"href":"https:\/\/www.centreon.com\/fr\/wp-json\/wp\/v2\/posts"}],"about":[{"href":"https:\/\/www.centreon.com\/fr\/wp-json\/wp\/v2\/types\/post"}],"author":[{"embeddable":true,"href":"https:\/\/www.centreon.com\/fr\/wp-json\/wp\/v2\/users\/1"}],"replies":[{"embeddable":true,"href":"https:\/\/www.centreon.com\/fr\/wp-json\/wp\/v2\/comments?post=19332"}],"version-history":[{"count":5,"href":"https:\/\/www.centreon.com\/fr\/wp-json\/wp\/v2\/posts\/19332\/revisions"}],"predecessor-version":[{"id":36520,"href":"https:\/\/www.centreon.com\/fr\/wp-json\/wp\/v2\/posts\/19332\/revisions\/36520"}],"wp:featuredmedia":[{"embeddable":true,"href":"https:\/\/www.centreon.com\/fr\/wp-json\/wp\/v2\/media\/4195"}],"wp:attachment":[{"href":"https:\/\/www.centreon.com\/fr\/wp-json\/wp\/v2\/media?parent=19332"}],"wp:term":[{"taxonomy":"post-type","embeddable":true,"href":"https:\/\/www.centreon.com\/fr\/wp-json\/wp\/v2\/post-type?post=19332"},{"taxonomy":"theme","embeddable":true,"href":"https:\/\/www.centreon.com\/fr\/wp-json\/wp\/v2\/theme?post=19332"}],"curies":[{"name":"wp","href":"https:\/\/api.w.org\/{rel}","templated":true}]}}