{"id":19323,"date":"2017-10-09T13:36:38","date_gmt":"2017-10-09T11:36:38","guid":{"rendered":"https:\/\/www.centreon.com\/blog-centreon-participe-au-french-tech-tour-america-2017\/"},"modified":"2023-12-21T14:25:57","modified_gmt":"2023-12-21T13:25:57","slug":"blog-centreon-participe-au-french-tech-tour-america-2017","status":"publish","type":"post","link":"https:\/\/www.centreon.com\/fr\/blog-centreon-participe-au-french-tech-tour-america-2017\/","title":{"rendered":"Centreon participe au French Tech Tour America 2017"},"content":{"rendered":"<p>Nous avons le plaisir de vous annoncer que Centreon a \u00e9t\u00e9 s\u00e9lectionn\u00e9 pour participer au French Tech Tour America 2017. Romain Le Merlus, PDG &amp; Co-Fondateur et Marc-Antoine Hostier, Directeur commercial, seront <strong>\u00e0 Toronto du 16 au 20 octobre puis \u00e0 Montr\u00e9al du 23 au 26 octobre <\/strong>afin de rencontrer des prospects, partenaires et clients.<\/p>\n<p>Lanc\u00e9 en 2007 et co-organis\u00e9 par Bpifrance et Business France, le French Tech Tour propose aux start-ups de valider leur potentiel de d\u00e9veloppement sur des march\u00e9s extr\u00eamement concurrentiels\u00a0: cette ann\u00e9e, l\u2019Am\u00e9rique du Nord et la Chine. Les start-ups s\u00e9lectionn\u00e9es prendront part \u00e0 un programme d\u2019accompagnement et d\u2019immersion intensif dans un \u00e9cosyst\u00e8me concurrentiel.<\/p>\n<p>\u00c0 partir du 16 octobre prochain, 21 jeunes pousses partiront donc aux Etats-Unis et au Canada pour poursuivre 3 objectifs :<\/p>\n<ul>\n<li>S\u2019approprier les codes culturels du business am\u00e9ricain<\/li>\n<li>Tester l\u2019int\u00e9r\u00eat du march\u00e9\u0301 pour leur offre<\/li>\n<li>Affiner et valider leur strat\u00e9gie de p\u00e9n\u00e9tration du march\u00e9\u0301<\/li>\n<\/ul>\n<p>Plus d\u2019articles sur le French Tech Tour America 2017\u00a0:<\/p>\n<ul>\n<li>Usine-digitale\u00a0: <a href=\"http:\/\/www.usine-digitale.fr\/editorial\/qui-sont-les-33-start-up-des-french-tech-tour-america-et-china-2017.N584378\">Qui sont les 33 start-up des French Tech Tour America et China 2017 ?<\/a><\/li>\n<li>Le monde informatique\u00a0: <a href=\"http:\/\/www.lemondeinformatique.fr\/actualites\/lire-33-start-ups-francaises-immergees-en-amerique-du-nord-et-en-chine-69288.html\">33 start-ups fran\u00e7aises immerg\u00e9es en Am\u00e9rique du Nord et en Chine<\/a><\/li>\n<li>Business France\u00a0: <a href=\"http:\/\/www.businessfrance-tech.fr\/business-france-et-bpifrance-devoilent-le-nom-des-33-startups-selectionnees-pour-les-editions-2017-des-french-tech-tour-america-et-china\/\">Business France et Bpifrance d\u00e9voilent le nom des 33 startups s\u00e9lectionn\u00e9es pour les \u00e9ditions 2017 des French Tech Tour America et China<\/a><\/li>\n<li>Actu IA\u00a0: <a href=\"https:\/\/www.actuia.com\/actualite\/33-start-up-participeront-aux-french-tech-tour-america-china-2017\/\">33 start-up participeront aux French Tech Tour America et China 2017<\/a><\/li>\n<\/ul>\n<h3 style=\"text-align: center;\"><strong>Seriez- vous disponible pour rencontrer les \u00e9quipes Centreon ?<br \/>\n<\/strong><strong>Pour demander un rendez-vous, remplissez ce formulaire.<\/strong><\/h3>\n<p><\/p>\n","protected":false},"excerpt":{"rendered":"<p>Nous avons le plaisir de vous annoncer que Centreon a \u00e9t\u00e9 s\u00e9lectionn\u00e9 pour participer au French Tech Tour America 2017. Romain Le Merlus, PDG &amp; Co-Fondateur et Marc-Antoine Hostier, Directeur commercial, seront \u00e0 Toronto du&nbsp;&#8230;<\/p>\n","protected":false},"author":1,"featured_media":4167,"comment_status":"closed","ping_status":"closed","sticky":false,"template":"","format":"standard","meta":{"_acf_changed":false,"footnotes":""},"post-type":[98],"theme":[1009],"class_list":["post-19323","post","type-post","status-publish","format-standard","has-post-thumbnail","hentry","post-type-actualites","theme-event-fr"],"acf":[],"yoast_head":"<!-- This site is optimized with the Yoast SEO plugin v26.6 - https:\/\/yoast.com\/wordpress\/plugins\/seo\/ -->\n<title>Centreon participe au French Tech Tour America 2017<\/title>\n<meta name=\"description\" content=\"Centreon a \u00e9t\u00e9 s\u00e9lectionn\u00e9 pour participer au French Tech Tour America 2017, au Canada du 16 au 26 octobre.\" \/>\n<meta name=\"robots\" content=\"index, follow, max-snippet:-1, max-image-preview:large, max-video-preview:-1\" \/>\n<link rel=\"canonical\" href=\"https:\/\/www.centreon.com\/fr\/blog-centreon-participe-au-french-tech-tour-america-2017\/\" \/>\n<meta property=\"og:locale\" content=\"fr_FR\" \/>\n<meta property=\"og:type\" content=\"article\" \/>\n<meta property=\"og:title\" content=\"Centreon participe au French Tech Tour America 2017\" \/>\n<meta property=\"og:description\" content=\"Centreon a \u00e9t\u00e9 s\u00e9lectionn\u00e9 pour participer au French Tech Tour America 2017, au Canada du 16 au 26 octobre.\" \/>\n<meta property=\"og:url\" content=\"https:\/\/www.centreon.com\/fr\/blog-centreon-participe-au-french-tech-tour-america-2017\/\" \/>\n<meta property=\"og:site_name\" content=\"Centreon\" \/>\n<meta property=\"article:publisher\" content=\"https:\/\/www.facebook.com\/CentreonMonitoring\/\" \/>\n<meta property=\"article:published_time\" content=\"2017-10-09T11:36:38+00:00\" \/>\n<meta property=\"article:modified_time\" content=\"2023-12-21T13:25:57+00:00\" \/>\n<meta property=\"og:image\" content=\"https:\/\/www.centreon.com\/wp-content\/uploads\/2022\/10\/Le-French-Tech-Tour-America-2017.jpg\" \/>\n\t<meta property=\"og:image:width\" content=\"450\" \/>\n\t<meta property=\"og:image:height\" content=\"250\" \/>\n\t<meta property=\"og:image:type\" content=\"image\/jpeg\" \/>\n<meta name=\"author\" content=\"Thomas\" \/>\n<meta name=\"twitter:card\" content=\"summary_large_image\" \/>\n<meta name=\"twitter:creator\" content=\"@CentreonFR\" \/>\n<meta name=\"twitter:site\" content=\"@CentreonFR\" \/>\n<meta name=\"twitter:label1\" content=\"\u00c9crit par\" \/>\n\t<meta name=\"twitter:data1\" content=\"Thomas\" \/>\n\t<meta name=\"twitter:label2\" content=\"Dur\u00e9e de lecture estim\u00e9e\" \/>\n\t<meta name=\"twitter:data2\" content=\"2 minutes\" \/>\n<script type=\"application\/ld+json\" class=\"yoast-schema-graph\">{\"@context\":\"https:\/\/schema.org\",\"@graph\":[{\"@type\":\"Article\",\"@id\":\"https:\/\/www.centreon.com\/fr\/blog-centreon-participe-au-french-tech-tour-america-2017\/#article\",\"isPartOf\":{\"@id\":\"https:\/\/www.centreon.com\/fr\/blog-centreon-participe-au-french-tech-tour-america-2017\/\"},\"author\":{\"name\":\"Thomas\",\"@id\":\"https:\/\/www.centreon.com\/fr\/#\/schema\/person\/c5bd0f4e75adbd1ee75f5d1f8a7ff419\"},\"headline\":\"Centreon participe au French Tech Tour America 2017\",\"datePublished\":\"2017-10-09T11:36:38+00:00\",\"dateModified\":\"2023-12-21T13:25:57+00:00\",\"mainEntityOfPage\":{\"@id\":\"https:\/\/www.centreon.com\/fr\/blog-centreon-participe-au-french-tech-tour-america-2017\/\"},\"wordCount\":556,\"publisher\":{\"@id\":\"https:\/\/www.centreon.com\/fr\/#organization\"},\"image\":{\"@id\":\"https:\/\/www.centreon.com\/fr\/blog-centreon-participe-au-french-tech-tour-america-2017\/#primaryimage\"},\"thumbnailUrl\":\"https:\/\/www.centreon.com\/uploads\/2022\/10\/Le-French-Tech-Tour-America-2017.jpg\",\"inLanguage\":\"fr-FR\"},{\"@type\":\"WebPage\",\"@id\":\"https:\/\/www.centreon.com\/fr\/blog-centreon-participe-au-french-tech-tour-america-2017\/\",\"url\":\"https:\/\/www.centreon.com\/fr\/blog-centreon-participe-au-french-tech-tour-america-2017\/\",\"name\":\"Centreon participe au French Tech Tour America 2017\",\"isPartOf\":{\"@id\":\"https:\/\/www.centreon.com\/fr\/#website\"},\"primaryImageOfPage\":{\"@id\":\"https:\/\/www.centreon.com\/fr\/blog-centreon-participe-au-french-tech-tour-america-2017\/#primaryimage\"},\"image\":{\"@id\":\"https:\/\/www.centreon.com\/fr\/blog-centreon-participe-au-french-tech-tour-america-2017\/#primaryimage\"},\"thumbnailUrl\":\"https:\/\/www.centreon.com\/uploads\/2022\/10\/Le-French-Tech-Tour-America-2017.jpg\",\"datePublished\":\"2017-10-09T11:36:38+00:00\",\"dateModified\":\"2023-12-21T13:25:57+00:00\",\"description\":\"Centreon a \u00e9t\u00e9 s\u00e9lectionn\u00e9 pour participer au French Tech Tour America 2017, au Canada du 16 au 26 octobre.\",\"breadcrumb\":{\"@id\":\"https:\/\/www.centreon.com\/fr\/blog-centreon-participe-au-french-tech-tour-america-2017\/#breadcrumb\"},\"inLanguage\":\"fr-FR\",\"potentialAction\":[{\"@type\":\"ReadAction\",\"target\":[\"https:\/\/www.centreon.com\/fr\/blog-centreon-participe-au-french-tech-tour-america-2017\/\"]}]},{\"@type\":\"ImageObject\",\"inLanguage\":\"fr-FR\",\"@id\":\"https:\/\/www.centreon.com\/fr\/blog-centreon-participe-au-french-tech-tour-america-2017\/#primaryimage\",\"url\":\"https:\/\/www.centreon.com\/uploads\/2022\/10\/Le-French-Tech-Tour-America-2017.jpg\",\"contentUrl\":\"https:\/\/www.centreon.com\/uploads\/2022\/10\/Le-French-Tech-Tour-America-2017.jpg\",\"width\":450,\"height\":250},{\"@type\":\"BreadcrumbList\",\"@id\":\"https:\/\/www.centreon.com\/fr\/blog-centreon-participe-au-french-tech-tour-america-2017\/#breadcrumb\",\"itemListElement\":[{\"@type\":\"ListItem\",\"position\":1,\"name\":\"Home\",\"item\":\"https:\/\/www.centreon.com\/fr\/\"},{\"@type\":\"ListItem\",\"position\":2,\"name\":\"Centreon participe au French Tech Tour America 2017\"}]},{\"@type\":\"WebSite\",\"@id\":\"https:\/\/www.centreon.com\/fr\/#website\",\"url\":\"https:\/\/www.centreon.com\/fr\/\",\"name\":\"Centreon\",\"description\":\"Just another WordPress site\",\"publisher\":{\"@id\":\"https:\/\/www.centreon.com\/fr\/#organization\"},\"potentialAction\":[{\"@type\":\"SearchAction\",\"target\":{\"@type\":\"EntryPoint\",\"urlTemplate\":\"https:\/\/www.centreon.com\/fr\/?s={search_term_string}\"},\"query-input\":{\"@type\":\"PropertyValueSpecification\",\"valueRequired\":true,\"valueName\":\"search_term_string\"}}],\"inLanguage\":\"fr-FR\"},{\"@type\":\"Organization\",\"@id\":\"https:\/\/www.centreon.com\/fr\/#organization\",\"name\":\"Centreon\",\"url\":\"https:\/\/www.centreon.com\/fr\/\",\"logo\":{\"@type\":\"ImageObject\",\"inLanguage\":\"fr-FR\",\"@id\":\"https:\/\/www.centreon.com\/fr\/#\/schema\/logo\/image\/\",\"url\":\"https:\/\/www.centreon.com\/wp-content\/uploads\/2023\/07\/Logo_Centreon_Email_Signature_light_02.png\",\"contentUrl\":\"https:\/\/www.centreon.com\/wp-content\/uploads\/2023\/07\/Logo_Centreon_Email_Signature_light_02.png\",\"width\":180,\"height\":42,\"caption\":\"Centreon\"},\"image\":{\"@id\":\"https:\/\/www.centreon.com\/fr\/#\/schema\/logo\/image\/\"},\"sameAs\":[\"https:\/\/www.facebook.com\/CentreonMonitoring\/\",\"https:\/\/x.com\/CentreonFR\",\"https:\/\/www.linkedin.com\/company\/centreonsoftware\/\",\"https:\/\/www.youtube.com\/channel\/UCIKJKvZ8acLmEg2fCdDzsvA\",\"https:\/\/fr.wikipedia.org\/wiki\/Centreon\"]},{\"@type\":\"Person\",\"@id\":\"https:\/\/www.centreon.com\/fr\/#\/schema\/person\/c5bd0f4e75adbd1ee75f5d1f8a7ff419\",\"name\":\"Thomas\",\"image\":{\"@type\":\"ImageObject\",\"inLanguage\":\"fr-FR\",\"@id\":\"https:\/\/www.centreon.com\/fr\/#\/schema\/person\/image\/\",\"url\":\"https:\/\/secure.gravatar.com\/avatar\/1d4c181e1a496d3d6d25441adb6830a23883e0f93ed97a30e4616fea3c950268?s=96&d=mm&r=g\",\"contentUrl\":\"https:\/\/secure.gravatar.com\/avatar\/1d4c181e1a496d3d6d25441adb6830a23883e0f93ed97a30e4616fea3c950268?s=96&d=mm&r=g\",\"caption\":\"Thomas\"},\"sameAs\":[\"http:\/\/centreon.stagewink.com\"]}]}<\/script>\n<!-- \/ Yoast SEO plugin. -->","yoast_head_json":{"title":"Centreon participe au French Tech Tour America 2017","description":"Centreon a \u00e9t\u00e9 s\u00e9lectionn\u00e9 pour participer au French Tech Tour America 2017, au Canada du 16 au 26 octobre.","robots":{"index":"index","follow":"follow","max-snippet":"max-snippet:-1","max-image-preview":"max-image-preview:large","max-video-preview":"max-video-preview:-1"},"canonical":"https:\/\/www.centreon.com\/fr\/blog-centreon-participe-au-french-tech-tour-america-2017\/","og_locale":"fr_FR","og_type":"article","og_title":"Centreon participe au French Tech Tour America 2017","og_description":"Centreon a \u00e9t\u00e9 s\u00e9lectionn\u00e9 pour participer au French Tech Tour America 2017, au Canada du 16 au 26 octobre.","og_url":"https:\/\/www.centreon.com\/fr\/blog-centreon-participe-au-french-tech-tour-america-2017\/","og_site_name":"Centreon","article_publisher":"https:\/\/www.facebook.com\/CentreonMonitoring\/","article_published_time":"2017-10-09T11:36:38+00:00","article_modified_time":"2023-12-21T13:25:57+00:00","og_image":[{"width":450,"height":250,"url":"https:\/\/www.centreon.com\/wp-content\/uploads\/2022\/10\/Le-French-Tech-Tour-America-2017.jpg","type":"image\/jpeg"}],"author":"Thomas","twitter_card":"summary_large_image","twitter_creator":"@CentreonFR","twitter_site":"@CentreonFR","twitter_misc":{"\u00c9crit par":"Thomas","Dur\u00e9e de lecture estim\u00e9e":"2 minutes"},"schema":{"@context":"https:\/\/schema.org","@graph":[{"@type":"Article","@id":"https:\/\/www.centreon.com\/fr\/blog-centreon-participe-au-french-tech-tour-america-2017\/#article","isPartOf":{"@id":"https:\/\/www.centreon.com\/fr\/blog-centreon-participe-au-french-tech-tour-america-2017\/"},"author":{"name":"Thomas","@id":"https:\/\/www.centreon.com\/fr\/#\/schema\/person\/c5bd0f4e75adbd1ee75f5d1f8a7ff419"},"headline":"Centreon participe au French Tech Tour America 2017","datePublished":"2017-10-09T11:36:38+00:00","dateModified":"2023-12-21T13:25:57+00:00","mainEntityOfPage":{"@id":"https:\/\/www.centreon.com\/fr\/blog-centreon-participe-au-french-tech-tour-america-2017\/"},"wordCount":556,"publisher":{"@id":"https:\/\/www.centreon.com\/fr\/#organization"},"image":{"@id":"https:\/\/www.centreon.com\/fr\/blog-centreon-participe-au-french-tech-tour-america-2017\/#primaryimage"},"thumbnailUrl":"https:\/\/www.centreon.com\/uploads\/2022\/10\/Le-French-Tech-Tour-America-2017.jpg","inLanguage":"fr-FR"},{"@type":"WebPage","@id":"https:\/\/www.centreon.com\/fr\/blog-centreon-participe-au-french-tech-tour-america-2017\/","url":"https:\/\/www.centreon.com\/fr\/blog-centreon-participe-au-french-tech-tour-america-2017\/","name":"Centreon participe au French Tech Tour America 2017","isPartOf":{"@id":"https:\/\/www.centreon.com\/fr\/#website"},"primaryImageOfPage":{"@id":"https:\/\/www.centreon.com\/fr\/blog-centreon-participe-au-french-tech-tour-america-2017\/#primaryimage"},"image":{"@id":"https:\/\/www.centreon.com\/fr\/blog-centreon-participe-au-french-tech-tour-america-2017\/#primaryimage"},"thumbnailUrl":"https:\/\/www.centreon.com\/uploads\/2022\/10\/Le-French-Tech-Tour-America-2017.jpg","datePublished":"2017-10-09T11:36:38+00:00","dateModified":"2023-12-21T13:25:57+00:00","description":"Centreon a \u00e9t\u00e9 s\u00e9lectionn\u00e9 pour participer au French Tech Tour America 2017, au Canada du 16 au 26 octobre.","breadcrumb":{"@id":"https:\/\/www.centreon.com\/fr\/blog-centreon-participe-au-french-tech-tour-america-2017\/#breadcrumb"},"inLanguage":"fr-FR","potentialAction":[{"@type":"ReadAction","target":["https:\/\/www.centreon.com\/fr\/blog-centreon-participe-au-french-tech-tour-america-2017\/"]}]},{"@type":"ImageObject","inLanguage":"fr-FR","@id":"https:\/\/www.centreon.com\/fr\/blog-centreon-participe-au-french-tech-tour-america-2017\/#primaryimage","url":"https:\/\/www.centreon.com\/uploads\/2022\/10\/Le-French-Tech-Tour-America-2017.jpg","contentUrl":"https:\/\/www.centreon.com\/uploads\/2022\/10\/Le-French-Tech-Tour-America-2017.jpg","width":450,"height":250},{"@type":"BreadcrumbList","@id":"https:\/\/www.centreon.com\/fr\/blog-centreon-participe-au-french-tech-tour-america-2017\/#breadcrumb","itemListElement":[{"@type":"ListItem","position":1,"name":"Home","item":"https:\/\/www.centreon.com\/fr\/"},{"@type":"ListItem","position":2,"name":"Centreon participe au French Tech Tour America 2017"}]},{"@type":"WebSite","@id":"https:\/\/www.centreon.com\/fr\/#website","url":"https:\/\/www.centreon.com\/fr\/","name":"Centreon","description":"Just another WordPress site","publisher":{"@id":"https:\/\/www.centreon.com\/fr\/#organization"},"potentialAction":[{"@type":"SearchAction","target":{"@type":"EntryPoint","urlTemplate":"https:\/\/www.centreon.com\/fr\/?s={search_term_string}"},"query-input":{"@type":"PropertyValueSpecification","valueRequired":true,"valueName":"search_term_string"}}],"inLanguage":"fr-FR"},{"@type":"Organization","@id":"https:\/\/www.centreon.com\/fr\/#organization","name":"Centreon","url":"https:\/\/www.centreon.com\/fr\/","logo":{"@type":"ImageObject","inLanguage":"fr-FR","@id":"https:\/\/www.centreon.com\/fr\/#\/schema\/logo\/image\/","url":"https:\/\/www.centreon.com\/wp-content\/uploads\/2023\/07\/Logo_Centreon_Email_Signature_light_02.png","contentUrl":"https:\/\/www.centreon.com\/wp-content\/uploads\/2023\/07\/Logo_Centreon_Email_Signature_light_02.png","width":180,"height":42,"caption":"Centreon"},"image":{"@id":"https:\/\/www.centreon.com\/fr\/#\/schema\/logo\/image\/"},"sameAs":["https:\/\/www.facebook.com\/CentreonMonitoring\/","https:\/\/x.com\/CentreonFR","https:\/\/www.linkedin.com\/company\/centreonsoftware\/","https:\/\/www.youtube.com\/channel\/UCIKJKvZ8acLmEg2fCdDzsvA","https:\/\/fr.wikipedia.org\/wiki\/Centreon"]},{"@type":"Person","@id":"https:\/\/www.centreon.com\/fr\/#\/schema\/person\/c5bd0f4e75adbd1ee75f5d1f8a7ff419","name":"Thomas","image":{"@type":"ImageObject","inLanguage":"fr-FR","@id":"https:\/\/www.centreon.com\/fr\/#\/schema\/person\/image\/","url":"https:\/\/secure.gravatar.com\/avatar\/1d4c181e1a496d3d6d25441adb6830a23883e0f93ed97a30e4616fea3c950268?s=96&d=mm&r=g","contentUrl":"https:\/\/secure.gravatar.com\/avatar\/1d4c181e1a496d3d6d25441adb6830a23883e0f93ed97a30e4616fea3c950268?s=96&d=mm&r=g","caption":"Thomas"},"sameAs":["http:\/\/centreon.stagewink.com"]}]}},"_links":{"self":[{"href":"https:\/\/www.centreon.com\/fr\/wp-json\/wp\/v2\/posts\/19323","targetHints":{"allow":["GET"]}}],"collection":[{"href":"https:\/\/www.centreon.com\/fr\/wp-json\/wp\/v2\/posts"}],"about":[{"href":"https:\/\/www.centreon.com\/fr\/wp-json\/wp\/v2\/types\/post"}],"author":[{"embeddable":true,"href":"https:\/\/www.centreon.com\/fr\/wp-json\/wp\/v2\/users\/1"}],"replies":[{"embeddable":true,"href":"https:\/\/www.centreon.com\/fr\/wp-json\/wp\/v2\/comments?post=19323"}],"version-history":[{"count":1,"href":"https:\/\/www.centreon.com\/fr\/wp-json\/wp\/v2\/posts\/19323\/revisions"}],"predecessor-version":[{"id":34269,"href":"https:\/\/www.centreon.com\/fr\/wp-json\/wp\/v2\/posts\/19323\/revisions\/34269"}],"wp:featuredmedia":[{"embeddable":true,"href":"https:\/\/www.centreon.com\/fr\/wp-json\/wp\/v2\/media\/4167"}],"wp:attachment":[{"href":"https:\/\/www.centreon.com\/fr\/wp-json\/wp\/v2\/media?parent=19323"}],"wp:term":[{"taxonomy":"post-type","embeddable":true,"href":"https:\/\/www.centreon.com\/fr\/wp-json\/wp\/v2\/post-type?post=19323"},{"taxonomy":"theme","embeddable":true,"href":"https:\/\/www.centreon.com\/fr\/wp-json\/wp\/v2\/theme?post=19323"}],"curies":[{"name":"wp","href":"https:\/\/api.w.org\/{rel}","templated":true}]}}