{"id":19270,"date":"2017-04-20T07:46:07","date_gmt":"2017-04-20T07:46:07","guid":{"rendered":"https:\/\/www.centreon.com\/centreon-reference-au-socle-interministeriel-de-logiciels-libres-2017\/"},"modified":"2023-12-21T14:03:18","modified_gmt":"2023-12-21T13:03:18","slug":"centreon-reference-au-socle-interministeriel-de-logiciels-libres-2017","status":"publish","type":"post","link":"https:\/\/www.centreon.com\/fr\/centreon-reference-au-socle-interministeriel-de-logiciels-libres-2017\/","title":{"rendered":"Centreon r\u00e9f\u00e9renc\u00e9 au Socle Interminist\u00e9riel de Logiciels Libres 2017"},"content":{"rendered":"<p>Pour la\u00a0<strong>4<sup>\u00e8me<\/sup>\u00a0ann\u00e9e cons\u00e9cutive<\/strong>, Centreon est r\u00e9f\u00e9renc\u00e9 au\u00a0<strong>Socle Interminist\u00e9riel de Logiciels Libres\u00a0<\/strong>dans la cat\u00e9gorie \u00ab\u00a0<strong>Op\u00e9rations \u2013 Supervision\/Hypervision<\/strong>\u00a0\u00bb.<br \/>\n<strong>Centreon est la seule solution recommand\u00e9e<\/strong>\u00a0dans cette\u00a0cat\u00e9gorie.<\/p>\n<p><!--more--><br \/>\nPour rappel, le SILL se pr\u00e9sente sous la forme d\u2019un tableau par fonctionnalit\u00e9 ou cas d\u2019usage. Pour chaque fonctionnalit\u00e9, il pr\u00e9sente le logiciel pr\u00e9conis\u00e9 en pr\u00e9cisant la version. Chaque logiciel du SILL est suivi par un minist\u00e8re r\u00e9f\u00e9rent. Le SILL est g\u00e9r\u00e9 par les correspondants minist\u00e9riels, dans le cadre de l\u2019instance de mutualisation sur les logiciels libres, sous le contr\u00f4le de la DINSIC. Il est mis \u00e0 jour annuellement. Chaque version annuelle du SILL fait l\u2019objet d\u2019une validation.<\/p>\n<p><a href=\"http:\/\/references.modernisation.gouv.fr\/socle-logiciels-libres\" target=\"_blank\" rel=\"noopener noreferrer\">\u2192\u00a0T\u00e9l\u00e9chargez le Socle Interminist\u00e9riel des Logiciels Libres 2017\u00a0<\/a><\/p>\n<p><a href=\"https:\/\/www.centreon.com\/\" target=\"_blank\" rel=\"noopener noreferrer\">\u2192\u00a0En savoir plus sur Centreon\u00a0<\/a><\/p>\n<p>Centreon a de nombreuses r\u00e9f\u00e9rences dans le secteur Public (minist\u00e8res, collectivit\u00e9s territoriales, universit\u00e9, etc.) parmi lesquelles\u00a0: Minist\u00e8re de la justice, Minist\u00e8re de l\u2019agriculture, Ville de Paris, Conseil R\u00e9gional d\u2019Aquitaine, Conseils D\u00e9partementaux de la Mayenne, des Landes, du Rh\u00f4ne, du Val de Marne, M\u00e9tropole de Bordeaux, Ville de Dreux, l\u2019INSEE, Mairie de Pantin, les Universit\u00e9s de bourgogne, Paris Sud, de la R\u00e9union, La Poste, l\u2019OPT Nouvelle-Cal\u00e9donie\u2026<\/p>\n<p><a href=\"http:\/\/blog-centreon-wordpress.s3.amazonaws.com\/wp-content\/uploads\/2017\/03\/Retex_OPT_NC_FR.pdf\" target=\"_blank\" rel=\"noopener noreferrer\">\u2192 Plus d\u2019informations dans le retour d\u2019exp\u00e9rience de l\u2019OPT Nouvelle-Cal\u00e9donie<\/a><\/p>\n","protected":false},"excerpt":{"rendered":"<p>Pour la\u00a04\u00e8me\u00a0ann\u00e9e cons\u00e9cutive, Centreon est r\u00e9f\u00e9renc\u00e9 au\u00a0Socle Interminist\u00e9riel de Logiciels Libres\u00a0dans la cat\u00e9gorie \u00ab\u00a0Op\u00e9rations \u2013 Supervision\/Hypervision\u00a0\u00bb. Centreon est la seule solution recommand\u00e9e\u00a0dans cette\u00a0cat\u00e9gorie.<\/p>\n","protected":false},"author":1,"featured_media":20977,"comment_status":"closed","ping_status":"closed","sticky":false,"template":"","format":"standard","meta":{"_acf_changed":false,"footnotes":""},"post-type":[98],"theme":[1013],"class_list":["post-19270","post","type-post","status-publish","format-standard","has-post-thumbnail","hentry","post-type-actualites","theme-corporate-fr"],"acf":[],"yoast_head":"<!-- This site is optimized with the Yoast SEO plugin v26.6 - https:\/\/yoast.com\/wordpress\/plugins\/seo\/ -->\n<title>Centreon r\u00e9f\u00e9renc\u00e9 au Socle Interminist\u00e9riel de Logiciels Libres<\/title>\n<meta name=\"description\" content=\"Centreon est r\u00e9f\u00e9renc\u00e9 au\u00a0Socle Interminist\u00e9riel de Logiciels Libres\u00a0dans la cat\u00e9gorie \u00ab\u00a0Op\u00e9rations \u2013 Supervision\/Hypervision\u00a0\u00bb.\" \/>\n<meta name=\"robots\" content=\"index, follow, max-snippet:-1, max-image-preview:large, max-video-preview:-1\" \/>\n<link rel=\"canonical\" href=\"https:\/\/www.centreon.com\/fr\/centreon-reference-au-socle-interministeriel-de-logiciels-libres-2017\/\" \/>\n<meta property=\"og:locale\" content=\"fr_FR\" \/>\n<meta property=\"og:type\" content=\"article\" \/>\n<meta property=\"og:title\" content=\"Centreon r\u00e9f\u00e9renc\u00e9 au Socle Interminist\u00e9riel de Logiciels Libres\" \/>\n<meta property=\"og:description\" content=\"Centreon est r\u00e9f\u00e9renc\u00e9 au\u00a0Socle Interminist\u00e9riel de Logiciels Libres\u00a0dans la cat\u00e9gorie \u00ab\u00a0Op\u00e9rations \u2013 Supervision\/Hypervision\u00a0\u00bb.\" \/>\n<meta property=\"og:url\" content=\"https:\/\/www.centreon.com\/fr\/centreon-reference-au-socle-interministeriel-de-logiciels-libres-2017\/\" \/>\n<meta property=\"og:site_name\" content=\"Centreon\" \/>\n<meta property=\"article:publisher\" content=\"https:\/\/www.facebook.com\/CentreonMonitoring\/\" \/>\n<meta property=\"article:published_time\" content=\"2017-04-20T07:46:07+00:00\" \/>\n<meta property=\"article:modified_time\" content=\"2023-12-21T13:03:18+00:00\" \/>\n<meta property=\"og:image\" content=\"https:\/\/www.centreon.com\/wp-content\/uploads\/2017\/04\/LogoSILL-e1501058695374.png\" \/>\n\t<meta property=\"og:image:width\" content=\"900\" \/>\n\t<meta property=\"og:image:height\" content=\"680\" \/>\n\t<meta property=\"og:image:type\" content=\"image\/png\" \/>\n<meta name=\"author\" content=\"Thomas\" \/>\n<meta name=\"twitter:card\" content=\"summary_large_image\" \/>\n<meta name=\"twitter:creator\" content=\"@CentreonFR\" \/>\n<meta name=\"twitter:site\" content=\"@CentreonFR\" \/>\n<meta name=\"twitter:label1\" content=\"\u00c9crit par\" \/>\n\t<meta name=\"twitter:data1\" content=\"Thomas\" \/>\n\t<meta name=\"twitter:label2\" content=\"Dur\u00e9e de lecture estim\u00e9e\" \/>\n\t<meta name=\"twitter:data2\" content=\"1 minute\" \/>\n<script type=\"application\/ld+json\" class=\"yoast-schema-graph\">{\"@context\":\"https:\/\/schema.org\",\"@graph\":[{\"@type\":\"Article\",\"@id\":\"https:\/\/www.centreon.com\/fr\/centreon-reference-au-socle-interministeriel-de-logiciels-libres-2017\/#article\",\"isPartOf\":{\"@id\":\"https:\/\/www.centreon.com\/fr\/centreon-reference-au-socle-interministeriel-de-logiciels-libres-2017\/\"},\"author\":{\"name\":\"Thomas\",\"@id\":\"https:\/\/www.centreon.com\/fr\/#\/schema\/person\/c5bd0f4e75adbd1ee75f5d1f8a7ff419\"},\"headline\":\"Centreon r\u00e9f\u00e9renc\u00e9 au Socle Interminist\u00e9riel de Logiciels Libres 2017\",\"datePublished\":\"2017-04-20T07:46:07+00:00\",\"dateModified\":\"2023-12-21T13:03:18+00:00\",\"mainEntityOfPage\":{\"@id\":\"https:\/\/www.centreon.com\/fr\/centreon-reference-au-socle-interministeriel-de-logiciels-libres-2017\/\"},\"wordCount\":252,\"publisher\":{\"@id\":\"https:\/\/www.centreon.com\/fr\/#organization\"},\"image\":{\"@id\":\"https:\/\/www.centreon.com\/fr\/centreon-reference-au-socle-interministeriel-de-logiciels-libres-2017\/#primaryimage\"},\"thumbnailUrl\":\"https:\/\/www.centreon.com\/uploads\/2017\/04\/LogoSILL-e1501058695374.png\",\"inLanguage\":\"fr-FR\"},{\"@type\":\"WebPage\",\"@id\":\"https:\/\/www.centreon.com\/fr\/centreon-reference-au-socle-interministeriel-de-logiciels-libres-2017\/\",\"url\":\"https:\/\/www.centreon.com\/fr\/centreon-reference-au-socle-interministeriel-de-logiciels-libres-2017\/\",\"name\":\"Centreon r\u00e9f\u00e9renc\u00e9 au Socle Interminist\u00e9riel de Logiciels Libres\",\"isPartOf\":{\"@id\":\"https:\/\/www.centreon.com\/fr\/#website\"},\"primaryImageOfPage\":{\"@id\":\"https:\/\/www.centreon.com\/fr\/centreon-reference-au-socle-interministeriel-de-logiciels-libres-2017\/#primaryimage\"},\"image\":{\"@id\":\"https:\/\/www.centreon.com\/fr\/centreon-reference-au-socle-interministeriel-de-logiciels-libres-2017\/#primaryimage\"},\"thumbnailUrl\":\"https:\/\/www.centreon.com\/uploads\/2017\/04\/LogoSILL-e1501058695374.png\",\"datePublished\":\"2017-04-20T07:46:07+00:00\",\"dateModified\":\"2023-12-21T13:03:18+00:00\",\"description\":\"Centreon est r\u00e9f\u00e9renc\u00e9 au\u00a0Socle Interminist\u00e9riel de Logiciels Libres\u00a0dans la cat\u00e9gorie \u00ab\u00a0Op\u00e9rations \u2013 Supervision\/Hypervision\u00a0\u00bb.\",\"breadcrumb\":{\"@id\":\"https:\/\/www.centreon.com\/fr\/centreon-reference-au-socle-interministeriel-de-logiciels-libres-2017\/#breadcrumb\"},\"inLanguage\":\"fr-FR\",\"potentialAction\":[{\"@type\":\"ReadAction\",\"target\":[\"https:\/\/www.centreon.com\/fr\/centreon-reference-au-socle-interministeriel-de-logiciels-libres-2017\/\"]}]},{\"@type\":\"ImageObject\",\"inLanguage\":\"fr-FR\",\"@id\":\"https:\/\/www.centreon.com\/fr\/centreon-reference-au-socle-interministeriel-de-logiciels-libres-2017\/#primaryimage\",\"url\":\"https:\/\/www.centreon.com\/uploads\/2017\/04\/LogoSILL-e1501058695374.png\",\"contentUrl\":\"https:\/\/www.centreon.com\/uploads\/2017\/04\/LogoSILL-e1501058695374.png\",\"width\":900,\"height\":680},{\"@type\":\"BreadcrumbList\",\"@id\":\"https:\/\/www.centreon.com\/fr\/centreon-reference-au-socle-interministeriel-de-logiciels-libres-2017\/#breadcrumb\",\"itemListElement\":[{\"@type\":\"ListItem\",\"position\":1,\"name\":\"Home\",\"item\":\"https:\/\/www.centreon.com\/fr\/\"},{\"@type\":\"ListItem\",\"position\":2,\"name\":\"Centreon r\u00e9f\u00e9renc\u00e9 au Socle Interminist\u00e9riel de Logiciels Libres 2017\"}]},{\"@type\":\"WebSite\",\"@id\":\"https:\/\/www.centreon.com\/fr\/#website\",\"url\":\"https:\/\/www.centreon.com\/fr\/\",\"name\":\"Centreon\",\"description\":\"Just another WordPress site\",\"publisher\":{\"@id\":\"https:\/\/www.centreon.com\/fr\/#organization\"},\"potentialAction\":[{\"@type\":\"SearchAction\",\"target\":{\"@type\":\"EntryPoint\",\"urlTemplate\":\"https:\/\/www.centreon.com\/fr\/?s={search_term_string}\"},\"query-input\":{\"@type\":\"PropertyValueSpecification\",\"valueRequired\":true,\"valueName\":\"search_term_string\"}}],\"inLanguage\":\"fr-FR\"},{\"@type\":\"Organization\",\"@id\":\"https:\/\/www.centreon.com\/fr\/#organization\",\"name\":\"Centreon\",\"url\":\"https:\/\/www.centreon.com\/fr\/\",\"logo\":{\"@type\":\"ImageObject\",\"inLanguage\":\"fr-FR\",\"@id\":\"https:\/\/www.centreon.com\/fr\/#\/schema\/logo\/image\/\",\"url\":\"https:\/\/www.centreon.com\/wp-content\/uploads\/2023\/07\/Logo_Centreon_Email_Signature_light_02.png\",\"contentUrl\":\"https:\/\/www.centreon.com\/wp-content\/uploads\/2023\/07\/Logo_Centreon_Email_Signature_light_02.png\",\"width\":180,\"height\":42,\"caption\":\"Centreon\"},\"image\":{\"@id\":\"https:\/\/www.centreon.com\/fr\/#\/schema\/logo\/image\/\"},\"sameAs\":[\"https:\/\/www.facebook.com\/CentreonMonitoring\/\",\"https:\/\/x.com\/CentreonFR\",\"https:\/\/www.linkedin.com\/company\/centreonsoftware\/\",\"https:\/\/www.youtube.com\/channel\/UCIKJKvZ8acLmEg2fCdDzsvA\",\"https:\/\/fr.wikipedia.org\/wiki\/Centreon\"]},{\"@type\":\"Person\",\"@id\":\"https:\/\/www.centreon.com\/fr\/#\/schema\/person\/c5bd0f4e75adbd1ee75f5d1f8a7ff419\",\"name\":\"Thomas\",\"image\":{\"@type\":\"ImageObject\",\"inLanguage\":\"fr-FR\",\"@id\":\"https:\/\/www.centreon.com\/fr\/#\/schema\/person\/image\/\",\"url\":\"https:\/\/secure.gravatar.com\/avatar\/1d4c181e1a496d3d6d25441adb6830a23883e0f93ed97a30e4616fea3c950268?s=96&d=mm&r=g\",\"contentUrl\":\"https:\/\/secure.gravatar.com\/avatar\/1d4c181e1a496d3d6d25441adb6830a23883e0f93ed97a30e4616fea3c950268?s=96&d=mm&r=g\",\"caption\":\"Thomas\"},\"sameAs\":[\"http:\/\/centreon.stagewink.com\"]}]}<\/script>\n<!-- \/ Yoast SEO plugin. -->","yoast_head_json":{"title":"Centreon r\u00e9f\u00e9renc\u00e9 au Socle Interminist\u00e9riel de Logiciels Libres","description":"Centreon est r\u00e9f\u00e9renc\u00e9 au\u00a0Socle Interminist\u00e9riel de Logiciels Libres\u00a0dans la cat\u00e9gorie \u00ab\u00a0Op\u00e9rations \u2013 Supervision\/Hypervision\u00a0\u00bb.","robots":{"index":"index","follow":"follow","max-snippet":"max-snippet:-1","max-image-preview":"max-image-preview:large","max-video-preview":"max-video-preview:-1"},"canonical":"https:\/\/www.centreon.com\/fr\/centreon-reference-au-socle-interministeriel-de-logiciels-libres-2017\/","og_locale":"fr_FR","og_type":"article","og_title":"Centreon r\u00e9f\u00e9renc\u00e9 au Socle Interminist\u00e9riel de Logiciels Libres","og_description":"Centreon est r\u00e9f\u00e9renc\u00e9 au\u00a0Socle Interminist\u00e9riel de Logiciels Libres\u00a0dans la cat\u00e9gorie \u00ab\u00a0Op\u00e9rations \u2013 Supervision\/Hypervision\u00a0\u00bb.","og_url":"https:\/\/www.centreon.com\/fr\/centreon-reference-au-socle-interministeriel-de-logiciels-libres-2017\/","og_site_name":"Centreon","article_publisher":"https:\/\/www.facebook.com\/CentreonMonitoring\/","article_published_time":"2017-04-20T07:46:07+00:00","article_modified_time":"2023-12-21T13:03:18+00:00","og_image":[{"width":900,"height":680,"url":"https:\/\/www.centreon.com\/wp-content\/uploads\/2017\/04\/LogoSILL-e1501058695374.png","type":"image\/png"}],"author":"Thomas","twitter_card":"summary_large_image","twitter_creator":"@CentreonFR","twitter_site":"@CentreonFR","twitter_misc":{"\u00c9crit par":"Thomas","Dur\u00e9e de lecture estim\u00e9e":"1 minute"},"schema":{"@context":"https:\/\/schema.org","@graph":[{"@type":"Article","@id":"https:\/\/www.centreon.com\/fr\/centreon-reference-au-socle-interministeriel-de-logiciels-libres-2017\/#article","isPartOf":{"@id":"https:\/\/www.centreon.com\/fr\/centreon-reference-au-socle-interministeriel-de-logiciels-libres-2017\/"},"author":{"name":"Thomas","@id":"https:\/\/www.centreon.com\/fr\/#\/schema\/person\/c5bd0f4e75adbd1ee75f5d1f8a7ff419"},"headline":"Centreon r\u00e9f\u00e9renc\u00e9 au Socle Interminist\u00e9riel de Logiciels Libres 2017","datePublished":"2017-04-20T07:46:07+00:00","dateModified":"2023-12-21T13:03:18+00:00","mainEntityOfPage":{"@id":"https:\/\/www.centreon.com\/fr\/centreon-reference-au-socle-interministeriel-de-logiciels-libres-2017\/"},"wordCount":252,"publisher":{"@id":"https:\/\/www.centreon.com\/fr\/#organization"},"image":{"@id":"https:\/\/www.centreon.com\/fr\/centreon-reference-au-socle-interministeriel-de-logiciels-libres-2017\/#primaryimage"},"thumbnailUrl":"https:\/\/www.centreon.com\/uploads\/2017\/04\/LogoSILL-e1501058695374.png","inLanguage":"fr-FR"},{"@type":"WebPage","@id":"https:\/\/www.centreon.com\/fr\/centreon-reference-au-socle-interministeriel-de-logiciels-libres-2017\/","url":"https:\/\/www.centreon.com\/fr\/centreon-reference-au-socle-interministeriel-de-logiciels-libres-2017\/","name":"Centreon r\u00e9f\u00e9renc\u00e9 au Socle Interminist\u00e9riel de Logiciels Libres","isPartOf":{"@id":"https:\/\/www.centreon.com\/fr\/#website"},"primaryImageOfPage":{"@id":"https:\/\/www.centreon.com\/fr\/centreon-reference-au-socle-interministeriel-de-logiciels-libres-2017\/#primaryimage"},"image":{"@id":"https:\/\/www.centreon.com\/fr\/centreon-reference-au-socle-interministeriel-de-logiciels-libres-2017\/#primaryimage"},"thumbnailUrl":"https:\/\/www.centreon.com\/uploads\/2017\/04\/LogoSILL-e1501058695374.png","datePublished":"2017-04-20T07:46:07+00:00","dateModified":"2023-12-21T13:03:18+00:00","description":"Centreon est r\u00e9f\u00e9renc\u00e9 au\u00a0Socle Interminist\u00e9riel de Logiciels Libres\u00a0dans la cat\u00e9gorie \u00ab\u00a0Op\u00e9rations \u2013 Supervision\/Hypervision\u00a0\u00bb.","breadcrumb":{"@id":"https:\/\/www.centreon.com\/fr\/centreon-reference-au-socle-interministeriel-de-logiciels-libres-2017\/#breadcrumb"},"inLanguage":"fr-FR","potentialAction":[{"@type":"ReadAction","target":["https:\/\/www.centreon.com\/fr\/centreon-reference-au-socle-interministeriel-de-logiciels-libres-2017\/"]}]},{"@type":"ImageObject","inLanguage":"fr-FR","@id":"https:\/\/www.centreon.com\/fr\/centreon-reference-au-socle-interministeriel-de-logiciels-libres-2017\/#primaryimage","url":"https:\/\/www.centreon.com\/uploads\/2017\/04\/LogoSILL-e1501058695374.png","contentUrl":"https:\/\/www.centreon.com\/uploads\/2017\/04\/LogoSILL-e1501058695374.png","width":900,"height":680},{"@type":"BreadcrumbList","@id":"https:\/\/www.centreon.com\/fr\/centreon-reference-au-socle-interministeriel-de-logiciels-libres-2017\/#breadcrumb","itemListElement":[{"@type":"ListItem","position":1,"name":"Home","item":"https:\/\/www.centreon.com\/fr\/"},{"@type":"ListItem","position":2,"name":"Centreon r\u00e9f\u00e9renc\u00e9 au Socle Interminist\u00e9riel de Logiciels Libres 2017"}]},{"@type":"WebSite","@id":"https:\/\/www.centreon.com\/fr\/#website","url":"https:\/\/www.centreon.com\/fr\/","name":"Centreon","description":"Just another WordPress site","publisher":{"@id":"https:\/\/www.centreon.com\/fr\/#organization"},"potentialAction":[{"@type":"SearchAction","target":{"@type":"EntryPoint","urlTemplate":"https:\/\/www.centreon.com\/fr\/?s={search_term_string}"},"query-input":{"@type":"PropertyValueSpecification","valueRequired":true,"valueName":"search_term_string"}}],"inLanguage":"fr-FR"},{"@type":"Organization","@id":"https:\/\/www.centreon.com\/fr\/#organization","name":"Centreon","url":"https:\/\/www.centreon.com\/fr\/","logo":{"@type":"ImageObject","inLanguage":"fr-FR","@id":"https:\/\/www.centreon.com\/fr\/#\/schema\/logo\/image\/","url":"https:\/\/www.centreon.com\/wp-content\/uploads\/2023\/07\/Logo_Centreon_Email_Signature_light_02.png","contentUrl":"https:\/\/www.centreon.com\/wp-content\/uploads\/2023\/07\/Logo_Centreon_Email_Signature_light_02.png","width":180,"height":42,"caption":"Centreon"},"image":{"@id":"https:\/\/www.centreon.com\/fr\/#\/schema\/logo\/image\/"},"sameAs":["https:\/\/www.facebook.com\/CentreonMonitoring\/","https:\/\/x.com\/CentreonFR","https:\/\/www.linkedin.com\/company\/centreonsoftware\/","https:\/\/www.youtube.com\/channel\/UCIKJKvZ8acLmEg2fCdDzsvA","https:\/\/fr.wikipedia.org\/wiki\/Centreon"]},{"@type":"Person","@id":"https:\/\/www.centreon.com\/fr\/#\/schema\/person\/c5bd0f4e75adbd1ee75f5d1f8a7ff419","name":"Thomas","image":{"@type":"ImageObject","inLanguage":"fr-FR","@id":"https:\/\/www.centreon.com\/fr\/#\/schema\/person\/image\/","url":"https:\/\/secure.gravatar.com\/avatar\/1d4c181e1a496d3d6d25441adb6830a23883e0f93ed97a30e4616fea3c950268?s=96&d=mm&r=g","contentUrl":"https:\/\/secure.gravatar.com\/avatar\/1d4c181e1a496d3d6d25441adb6830a23883e0f93ed97a30e4616fea3c950268?s=96&d=mm&r=g","caption":"Thomas"},"sameAs":["http:\/\/centreon.stagewink.com"]}]}},"_links":{"self":[{"href":"https:\/\/www.centreon.com\/fr\/wp-json\/wp\/v2\/posts\/19270","targetHints":{"allow":["GET"]}}],"collection":[{"href":"https:\/\/www.centreon.com\/fr\/wp-json\/wp\/v2\/posts"}],"about":[{"href":"https:\/\/www.centreon.com\/fr\/wp-json\/wp\/v2\/types\/post"}],"author":[{"embeddable":true,"href":"https:\/\/www.centreon.com\/fr\/wp-json\/wp\/v2\/users\/1"}],"replies":[{"embeddable":true,"href":"https:\/\/www.centreon.com\/fr\/wp-json\/wp\/v2\/comments?post=19270"}],"version-history":[{"count":2,"href":"https:\/\/www.centreon.com\/fr\/wp-json\/wp\/v2\/posts\/19270\/revisions"}],"predecessor-version":[{"id":34242,"href":"https:\/\/www.centreon.com\/fr\/wp-json\/wp\/v2\/posts\/19270\/revisions\/34242"}],"wp:featuredmedia":[{"embeddable":true,"href":"https:\/\/www.centreon.com\/fr\/wp-json\/wp\/v2\/media\/20977"}],"wp:attachment":[{"href":"https:\/\/www.centreon.com\/fr\/wp-json\/wp\/v2\/media?parent=19270"}],"wp:term":[{"taxonomy":"post-type","embeddable":true,"href":"https:\/\/www.centreon.com\/fr\/wp-json\/wp\/v2\/post-type?post=19270"},{"taxonomy":"theme","embeddable":true,"href":"https:\/\/www.centreon.com\/fr\/wp-json\/wp\/v2\/theme?post=19270"}],"curies":[{"name":"wp","href":"https:\/\/api.w.org\/{rel}","templated":true}]}}