{"id":8100,"date":"2021-10-26T10:15:36","date_gmt":"2021-10-26T10:15:36","guid":{"rendered":"https:\/\/www.centreon.com\/news\/centreon-organise-son-centreon-summit-le-18-novembre-2021\/"},"modified":"2021-10-26T10:15:36","modified_gmt":"2021-10-26T10:15:36","slug":"centreon-organise-son-centreon-summit-le-18-novembre-2021","status":"publish","type":"news","link":"https:\/\/www.centreon.com\/fr\/news\/centreon-organise-son-centreon-summit-le-18-novembre-2021\/","title":{"rendered":"Centreon organise son Centreon Summit le 18 Novembre 2021"},"content":{"rendered":"<p><em>Cette conf\u00e9rence utilisateurs, d\u00e9livr\u00e9e en virtuel, int\u00e9grera notamment des lancements de produits et des sessions techniques \u00e0 destination des clients, partenaires et des utilisateurs de la communaut\u00e9 francophone de Centreon<\/em><\/p>\n<p><strong>Paris \u2013 26 Octobre 2021<\/strong>&#8211; Centreon, partenaire de confiance pour l\u2019excellence op\u00e9rationnelle des syst\u00e8mes d\u2019information tiendra sa premi\u00e8re conf\u00e9rence utilisateurs le 18 Novembre 2021. Le premier Centreon Summit, 100% virtuel et 100% francophone offrira un cadre privil\u00e9gi\u00e9 \u00e0 l\u2019ensemble des utilisateurs de Centreon pour en apprendre plus sur les capacit\u00e9s de supervision de Centreon et \u00e9changer leurs exp\u00e9riences.<\/p>\n<p>Parmi les annonces majeures, Centreon pr\u00e9voit :<\/p>\n<ul>\n<li>La nouvelle plateforme communautaire.<\/li>\n<li>La sortie de la nouvelle version de Centreon, 21.10.<\/li>\n<li>Le nouveau cycle de gestion des versions.<\/li>\n<li>La Roadmap Produit.<\/li>\n<li>Centreon Cloud, l\u2019offre SaaS de Centreon.<\/li>\n<\/ul>\n<p>\u201c<em>Ce Centreon Summit sera pour nous l\u2019occasion de partager des \u00e9l\u00e9ments cl\u00e9s de vision et strat\u00e9gie avec l\u2019ensemble de nos clients, utilisateurs open source et partenaires. Nous ferons \u00e9galement de grandes annonces produit et pour notre communaut\u00e9. Enfin, l\u2019exposition partenaires facilitera les\u00a0 \u00e9changes dans l\u2019esprit communautaire, vrai socle de la vie de notre \u00e9cosyst\u00e8me d\u2019utilisateurs qui fait partie de notre ADN<\/em>.\u201d commentent Julien Mathis CEO de Centreon et Marc-Antoine Hostier Directeur G\u00e9n\u00e9ral en charge des op\u00e9rations.<\/p>\n<p>L\u2019\u00e9v\u00e9nement, pr\u00e9vu sur une demi-journ\u00e9e, r\u00e9unira parmi ses intervenants :<\/p>\n<ul>\n<li>Julien Mathis, Co-fondateur et Chief Executive Officer<\/li>\n<li>Marc-Antoine Hostier, Chief Operating Officer<\/li>\n<li>Eryk Markiewicz, Chief Marketing Officer<\/li>\n<li>Rapha\u00ebl Chauvel, Chief Product Officer<\/li>\n<li>Simon Bomm, Professional Services Manager<\/li>\n<\/ul>\n<p>Plus d\u2019informations et inscriptions sur <a href=\"https:\/\/events.centreon.com\/centreon-summit-2021\" target=\"_blank\" rel=\"noopener\"><strong>le site du centreon-summit-2021<\/strong><\/a><\/p>\n<p>&#8212;&#8212;&#8212;&#8212;&#8212;&#8212;&#8212;&#8212;&#8212;&#8212;&#8212;&#8212;&#8212;&#8212;&#8212;&#8212;&#8212;&#8212;&#8212;&#8212;&#8212;&#8212;&#8212;&#8212;&#8212;&#8212;&#8212;&#8212;&#8212;&#8212;&#8212;&#8212;&#8212;&#8212;&#8212;&#8212;&#8212;&#8211;<\/p>\n<p><strong>\u00c0 propos de Centreon<\/strong><\/p>\n<p>Centreon d\u00e9livre une plateforme logicielle de supervision informatique centr\u00e9e m\u00e9tiers pour l\u2019excellence op\u00e9rationnelle des SI. Compl\u00e8te et int\u00e9grant les derni\u00e8res avanc\u00e9es de l\u2019intelligence artificielle pr\u00e9dictive, elle est con\u00e7ue pour les infrastructures complexes actuelles, distribu\u00e9es, Multi-Cloud. \u00c9diteur ind\u00e9pendant, l\u2019entreprise est n\u00e9e en 2005 sur la base d\u2019un socle logiciel open source qu\u2019elle continue de d\u00e9velopper. Aujourd\u2019hui des entreprises de toutes tailles op\u00e9rant dans tous les secteurs font confiance \u00e0 Centreon. Ses si\u00e8ges sociaux sont \u00e0 Paris et Toronto avec des bureaux \u00e0 Gen\u00e8ve, Luxembourg et Toulouse. Plus d\u2019informations sur <a href=\"https:\/\/www.centreon.com\">www.centreon.com<\/a><\/p>\n","protected":false},"featured_media":7633,"template":"","news-type":[117],"theme":[],"class_list":["post-8100","news","type-news","status-publish","has-post-thumbnail","hentry","news-type-communique-de-presse"],"acf":[],"yoast_head":"<!-- This site is optimized with the Yoast SEO plugin v26.6 - https:\/\/yoast.com\/wordpress\/plugins\/seo\/ -->\n<title>Centreon organise son Centreon Summit le 18 Novembre 2021 - Centreon<\/title>\n<meta name=\"robots\" content=\"index, follow, max-snippet:-1, max-image-preview:large, max-video-preview:-1\" \/>\n<link rel=\"canonical\" href=\"https:\/\/www.centreon.com\/fr\/news\/centreon-organise-son-centreon-summit-le-18-novembre-2021\/\" \/>\n<meta property=\"og:locale\" content=\"fr_FR\" \/>\n<meta property=\"og:type\" content=\"article\" \/>\n<meta property=\"og:title\" content=\"Centreon organise son Centreon Summit le 18 Novembre 2021 - Centreon\" \/>\n<meta property=\"og:description\" content=\"Cette conf\u00e9rence utilisateurs, d\u00e9livr\u00e9e en virtuel, int\u00e9grera notamment des lancements de produits et des sessions techniques \u00e0 destination des clients, partenaires et des utilisateurs de la communaut\u00e9 francophone de Centreon Paris \u2013 26 Octobre 2021&#8211;&nbsp;...\" \/>\n<meta property=\"og:url\" content=\"https:\/\/www.centreon.com\/fr\/news\/centreon-organise-son-centreon-summit-le-18-novembre-2021\/\" \/>\n<meta property=\"og:site_name\" content=\"Centreon\" \/>\n<meta property=\"article:publisher\" content=\"https:\/\/www.facebook.com\/CentreonMonitoring\/\" \/>\n<meta property=\"og:image\" content=\"https:\/\/www.centreon.com\/wp-content\/uploads\/2022\/11\/Centreon_Summit_2021.jpg\" \/>\n\t<meta property=\"og:image:width\" content=\"1368\" \/>\n\t<meta property=\"og:image:height\" content=\"854\" \/>\n\t<meta property=\"og:image:type\" content=\"image\/jpeg\" \/>\n<meta name=\"twitter:card\" content=\"summary_large_image\" \/>\n<meta name=\"twitter:site\" content=\"@CentreonFR\" \/>\n<meta name=\"twitter:label1\" content=\"Dur\u00e9e de lecture estim\u00e9e\" \/>\n\t<meta name=\"twitter:data1\" content=\"2 minutes\" \/>\n<script type=\"application\/ld+json\" class=\"yoast-schema-graph\">{\"@context\":\"https:\/\/schema.org\",\"@graph\":[{\"@type\":\"WebPage\",\"@id\":\"https:\/\/www.centreon.com\/fr\/news\/centreon-organise-son-centreon-summit-le-18-novembre-2021\/\",\"url\":\"https:\/\/www.centreon.com\/fr\/news\/centreon-organise-son-centreon-summit-le-18-novembre-2021\/\",\"name\":\"Centreon organise son Centreon Summit le 18 Novembre 2021 - Centreon\",\"isPartOf\":{\"@id\":\"https:\/\/www.centreon.com\/fr\/#website\"},\"primaryImageOfPage\":{\"@id\":\"https:\/\/www.centreon.com\/fr\/news\/centreon-organise-son-centreon-summit-le-18-novembre-2021\/#primaryimage\"},\"image\":{\"@id\":\"https:\/\/www.centreon.com\/fr\/news\/centreon-organise-son-centreon-summit-le-18-novembre-2021\/#primaryimage\"},\"thumbnailUrl\":\"https:\/\/www.centreon.com\/uploads\/2022\/11\/Centreon_Summit_2021.jpg\",\"datePublished\":\"2021-10-26T10:15:36+00:00\",\"breadcrumb\":{\"@id\":\"https:\/\/www.centreon.com\/fr\/news\/centreon-organise-son-centreon-summit-le-18-novembre-2021\/#breadcrumb\"},\"inLanguage\":\"fr-FR\",\"potentialAction\":[{\"@type\":\"ReadAction\",\"target\":[\"https:\/\/www.centreon.com\/fr\/news\/centreon-organise-son-centreon-summit-le-18-novembre-2021\/\"]}]},{\"@type\":\"ImageObject\",\"inLanguage\":\"fr-FR\",\"@id\":\"https:\/\/www.centreon.com\/fr\/news\/centreon-organise-son-centreon-summit-le-18-novembre-2021\/#primaryimage\",\"url\":\"https:\/\/www.centreon.com\/uploads\/2022\/11\/Centreon_Summit_2021.jpg\",\"contentUrl\":\"https:\/\/www.centreon.com\/uploads\/2022\/11\/Centreon_Summit_2021.jpg\",\"width\":1368,\"height\":854},{\"@type\":\"BreadcrumbList\",\"@id\":\"https:\/\/www.centreon.com\/fr\/news\/centreon-organise-son-centreon-summit-le-18-novembre-2021\/#breadcrumb\",\"itemListElement\":[{\"@type\":\"ListItem\",\"position\":1,\"name\":\"Home\",\"item\":\"https:\/\/www.centreon.com\/fr\/\"},{\"@type\":\"ListItem\",\"position\":2,\"name\":\"Centreon organise son Centreon Summit le 18 Novembre 2021\"}]},{\"@type\":\"WebSite\",\"@id\":\"https:\/\/www.centreon.com\/fr\/#website\",\"url\":\"https:\/\/www.centreon.com\/fr\/\",\"name\":\"Centreon\",\"description\":\"Just another WordPress site\",\"publisher\":{\"@id\":\"https:\/\/www.centreon.com\/fr\/#organization\"},\"potentialAction\":[{\"@type\":\"SearchAction\",\"target\":{\"@type\":\"EntryPoint\",\"urlTemplate\":\"https:\/\/www.centreon.com\/fr\/?s={search_term_string}\"},\"query-input\":{\"@type\":\"PropertyValueSpecification\",\"valueRequired\":true,\"valueName\":\"search_term_string\"}}],\"inLanguage\":\"fr-FR\"},{\"@type\":\"Organization\",\"@id\":\"https:\/\/www.centreon.com\/fr\/#organization\",\"name\":\"Centreon\",\"url\":\"https:\/\/www.centreon.com\/fr\/\",\"logo\":{\"@type\":\"ImageObject\",\"inLanguage\":\"fr-FR\",\"@id\":\"https:\/\/www.centreon.com\/fr\/#\/schema\/logo\/image\/\",\"url\":\"https:\/\/www.centreon.com\/wp-content\/uploads\/2023\/07\/Logo_Centreon_Email_Signature_light_02.png\",\"contentUrl\":\"https:\/\/www.centreon.com\/wp-content\/uploads\/2023\/07\/Logo_Centreon_Email_Signature_light_02.png\",\"width\":180,\"height\":42,\"caption\":\"Centreon\"},\"image\":{\"@id\":\"https:\/\/www.centreon.com\/fr\/#\/schema\/logo\/image\/\"},\"sameAs\":[\"https:\/\/www.facebook.com\/CentreonMonitoring\/\",\"https:\/\/x.com\/CentreonFR\",\"https:\/\/www.linkedin.com\/company\/centreonsoftware\/\",\"https:\/\/www.youtube.com\/channel\/UCIKJKvZ8acLmEg2fCdDzsvA\",\"https:\/\/fr.wikipedia.org\/wiki\/Centreon\"]}]}<\/script>\n<!-- \/ Yoast SEO plugin. -->","yoast_head_json":{"title":"Centreon organise son Centreon Summit le 18 Novembre 2021 - Centreon","robots":{"index":"index","follow":"follow","max-snippet":"max-snippet:-1","max-image-preview":"max-image-preview:large","max-video-preview":"max-video-preview:-1"},"canonical":"https:\/\/www.centreon.com\/fr\/news\/centreon-organise-son-centreon-summit-le-18-novembre-2021\/","og_locale":"fr_FR","og_type":"article","og_title":"Centreon organise son Centreon Summit le 18 Novembre 2021 - Centreon","og_description":"Cette conf\u00e9rence utilisateurs, d\u00e9livr\u00e9e en virtuel, int\u00e9grera notamment des lancements de produits et des sessions techniques \u00e0 destination des clients, partenaires et des utilisateurs de la communaut\u00e9 francophone de Centreon Paris \u2013 26 Octobre 2021&#8211;&nbsp;...","og_url":"https:\/\/www.centreon.com\/fr\/news\/centreon-organise-son-centreon-summit-le-18-novembre-2021\/","og_site_name":"Centreon","article_publisher":"https:\/\/www.facebook.com\/CentreonMonitoring\/","og_image":[{"width":1368,"height":854,"url":"https:\/\/www.centreon.com\/wp-content\/uploads\/2022\/11\/Centreon_Summit_2021.jpg","type":"image\/jpeg"}],"twitter_card":"summary_large_image","twitter_site":"@CentreonFR","twitter_misc":{"Dur\u00e9e de lecture estim\u00e9e":"2 minutes"},"schema":{"@context":"https:\/\/schema.org","@graph":[{"@type":"WebPage","@id":"https:\/\/www.centreon.com\/fr\/news\/centreon-organise-son-centreon-summit-le-18-novembre-2021\/","url":"https:\/\/www.centreon.com\/fr\/news\/centreon-organise-son-centreon-summit-le-18-novembre-2021\/","name":"Centreon organise son Centreon Summit le 18 Novembre 2021 - Centreon","isPartOf":{"@id":"https:\/\/www.centreon.com\/fr\/#website"},"primaryImageOfPage":{"@id":"https:\/\/www.centreon.com\/fr\/news\/centreon-organise-son-centreon-summit-le-18-novembre-2021\/#primaryimage"},"image":{"@id":"https:\/\/www.centreon.com\/fr\/news\/centreon-organise-son-centreon-summit-le-18-novembre-2021\/#primaryimage"},"thumbnailUrl":"https:\/\/www.centreon.com\/uploads\/2022\/11\/Centreon_Summit_2021.jpg","datePublished":"2021-10-26T10:15:36+00:00","breadcrumb":{"@id":"https:\/\/www.centreon.com\/fr\/news\/centreon-organise-son-centreon-summit-le-18-novembre-2021\/#breadcrumb"},"inLanguage":"fr-FR","potentialAction":[{"@type":"ReadAction","target":["https:\/\/www.centreon.com\/fr\/news\/centreon-organise-son-centreon-summit-le-18-novembre-2021\/"]}]},{"@type":"ImageObject","inLanguage":"fr-FR","@id":"https:\/\/www.centreon.com\/fr\/news\/centreon-organise-son-centreon-summit-le-18-novembre-2021\/#primaryimage","url":"https:\/\/www.centreon.com\/uploads\/2022\/11\/Centreon_Summit_2021.jpg","contentUrl":"https:\/\/www.centreon.com\/uploads\/2022\/11\/Centreon_Summit_2021.jpg","width":1368,"height":854},{"@type":"BreadcrumbList","@id":"https:\/\/www.centreon.com\/fr\/news\/centreon-organise-son-centreon-summit-le-18-novembre-2021\/#breadcrumb","itemListElement":[{"@type":"ListItem","position":1,"name":"Home","item":"https:\/\/www.centreon.com\/fr\/"},{"@type":"ListItem","position":2,"name":"Centreon organise son Centreon Summit le 18 Novembre 2021"}]},{"@type":"WebSite","@id":"https:\/\/www.centreon.com\/fr\/#website","url":"https:\/\/www.centreon.com\/fr\/","name":"Centreon","description":"Just another WordPress site","publisher":{"@id":"https:\/\/www.centreon.com\/fr\/#organization"},"potentialAction":[{"@type":"SearchAction","target":{"@type":"EntryPoint","urlTemplate":"https:\/\/www.centreon.com\/fr\/?s={search_term_string}"},"query-input":{"@type":"PropertyValueSpecification","valueRequired":true,"valueName":"search_term_string"}}],"inLanguage":"fr-FR"},{"@type":"Organization","@id":"https:\/\/www.centreon.com\/fr\/#organization","name":"Centreon","url":"https:\/\/www.centreon.com\/fr\/","logo":{"@type":"ImageObject","inLanguage":"fr-FR","@id":"https:\/\/www.centreon.com\/fr\/#\/schema\/logo\/image\/","url":"https:\/\/www.centreon.com\/wp-content\/uploads\/2023\/07\/Logo_Centreon_Email_Signature_light_02.png","contentUrl":"https:\/\/www.centreon.com\/wp-content\/uploads\/2023\/07\/Logo_Centreon_Email_Signature_light_02.png","width":180,"height":42,"caption":"Centreon"},"image":{"@id":"https:\/\/www.centreon.com\/fr\/#\/schema\/logo\/image\/"},"sameAs":["https:\/\/www.facebook.com\/CentreonMonitoring\/","https:\/\/x.com\/CentreonFR","https:\/\/www.linkedin.com\/company\/centreonsoftware\/","https:\/\/www.youtube.com\/channel\/UCIKJKvZ8acLmEg2fCdDzsvA","https:\/\/fr.wikipedia.org\/wiki\/Centreon"]}]}},"_links":{"self":[{"href":"https:\/\/www.centreon.com\/fr\/wp-json\/wp\/v2\/news\/8100","targetHints":{"allow":["GET"]}}],"collection":[{"href":"https:\/\/www.centreon.com\/fr\/wp-json\/wp\/v2\/news"}],"about":[{"href":"https:\/\/www.centreon.com\/fr\/wp-json\/wp\/v2\/types\/news"}],"wp:featuredmedia":[{"embeddable":true,"href":"https:\/\/www.centreon.com\/fr\/wp-json\/wp\/v2\/media\/7633"}],"wp:attachment":[{"href":"https:\/\/www.centreon.com\/fr\/wp-json\/wp\/v2\/media?parent=8100"}],"wp:term":[{"taxonomy":"news-type","embeddable":true,"href":"https:\/\/www.centreon.com\/fr\/wp-json\/wp\/v2\/news-type?post=8100"},{"taxonomy":"theme","embeddable":true,"href":"https:\/\/www.centreon.com\/fr\/wp-json\/wp\/v2\/theme?post=8100"}],"curies":[{"name":"wp","href":"https:\/\/api.w.org\/{rel}","templated":true}]}}