{"id":8042,"date":"2021-02-09T08:46:52","date_gmt":"2021-02-09T08:46:52","guid":{"rendered":"https:\/\/www.centreon.com\/news\/centreon-figure-pour-la-3eme-annee-consecutive-dans-le-palmares-les-champions-de-la-croissance-2021\/"},"modified":"2021-02-09T08:46:52","modified_gmt":"2021-02-09T08:46:52","slug":"centreon-figure-pour-la-3eme-annee-consecutive-dans-le-palmares-les-champions-de-la-croissance-2021","status":"publish","type":"news","link":"https:\/\/www.centreon.com\/fr\/news\/centreon-figure-pour-la-3eme-annee-consecutive-dans-le-palmares-les-champions-de-la-croissance-2021\/","title":{"rendered":"Centreon figure pour la 3\u00e8me ann\u00e9e cons\u00e9cutive dans le Palmar\u00e8s \u00ab Les Champions de la Croissance 2021 \u00bb"},"content":{"rendered":"<div class=\"et_pb_module et_pb_text et_pb_text_2 et_pb_text_align_left et_pb_bg_layout_light\">\n<div class=\"et_pb_text_inner\">\n<p><em>Les Echos et le portail de Statistiques Statista d\u00e9voilent le palmar\u00e8s des Champions de la croissance \u00e9dition 2021 dans lequel Centreon figure pour la 3\u00e8me ann\u00e9e cons\u00e9cutive.<\/em><\/p>\n<\/div>\n<\/div>\n<div class=\"et_pb_module et_pb_text et_pb_text_3 et_pb_text_align_left et_pb_bg_layout_light\">\n<div class=\"et_pb_text_inner\">\n<p><\/br><br \/>\n<strong>Paris \u2013 le 9 F\u00e9vrier 2021<\/strong>\u00a0\u2013\u00a0<a href=\"https:\/\/www.centreon.com\/\" target=\"_blank\" rel=\"noopener noreferrer\">Centreon<\/a>, partenaire de confiance pour l\u2019excellence op\u00e9rationnelle des syst\u00e8mes d\u2019information, est pr\u00e9sent pour la 3\u00e8me ann\u00e9e cons\u00e9cutive dans le palmar\u00e8s les Champions de la Croissance 2021, d\u00e9voil\u00e9 par les Echos et le portail de Statistiques Statista.<\/p>\n<p>Dans ce palmar\u00e8s, qui met en valeur les entreprises en croissance,\u00a0<strong>Centreon affiche une croissance cumul\u00e9e de 143,1%<\/strong>\u00a0(2016-2019), et confirme sa position de champion malgr\u00e9 un contexte pand\u00e9mique difficile.<\/p>\n<p><strong>Cette nouvelle distinction est une reconnaissance qui s\u2019ajoute au tr\u00e8s bon bilan de Centreon en 2020.<\/strong><\/p>\n<p>L\u2019entreprise leader europ\u00e9en sur le march\u00e9 de la supervision IT a, en effet, connu une ann\u00e9e 2020 tr\u00e8s active et entend en 2021 poursuivre sa croissance \u00e0 travers de nouvelles innovations et nouveaut\u00e9s : tous les d\u00e9tails dans le\u00a0<a href=\"https:\/\/www.centreon.com\/societe\/salle-de-presse\/communiques-de-presse\/centreon-consolide-sa-place-de-champion-francais-de-la-supervision-it-et-confirme-ses-ambitions-pour-2021-et-au-dela\/\" target=\"_blank\" rel=\"noopener noreferrer\">Communiqu\u00e9 de Presse bilan 2020 \u2013 Perspectives 2021.<\/a><\/p>\n<\/div>\n<\/div>\n<div class=\"et_pb_module et_pb_text et_pb_text_4 et_pb_text_align_left et_pb_bg_layout_light\">\n<div class=\"et_pb_text_inner\">\n<p><strong>A propos de Centreon<\/strong><\/p>\n<p>Centreon d\u00e9livre une plateforme logicielle de\u00a0<a class=\"wpg-linkify wpg-tooltip tooltipstered\" href=\"https:\/\/www.centreon.com\/blog\/glossary\/supervision-informatique-centree-metiers\/\">supervision informatique centr\u00e9e m\u00e9tiers<\/a>\u00a0pour l\u2019excellence op\u00e9rationnelle des SI. Compl\u00e8te et int\u00e9grant les derni\u00e8res avanc\u00e9es de l\u2019intelligence artificielle pr\u00e9dictive, elle est con\u00e7ue pour les infrastructures complexes actuelles, distribu\u00e9es, Multi-Cloud. \u00c9diteur ind\u00e9pendant, l\u2019entreprise est n\u00e9e en 2005 sur la base d\u2019un socle logiciel open source qu\u2019elle continue de d\u00e9velopper. Aujourd\u2019hui des entreprises de toutes tailles op\u00e9rant dans tous les secteurs font confiance \u00e0 Centreon. Ses si\u00e8ges sociaux sont \u00e0 Paris et Toronto avec des bureaux \u00e0 Gen\u00e8ve, Luxembourg et Toulouse.<\/p>\n<p>Plus d\u2019informations sur\u00a0<a href=\"https:\/\/www.centreon.com\/\" target=\"_blank\" rel=\"noopener noreferrer\">www.centreon.com.<\/a><\/p>\n<\/div>\n<\/div>\n","protected":false},"featured_media":7499,"template":"","news-type":[117],"theme":[],"class_list":["post-8042","news","type-news","status-publish","has-post-thumbnail","hentry","news-type-communique-de-presse"],"acf":[],"yoast_head":"<!-- This site is optimized with the Yoast SEO plugin v26.6 - https:\/\/yoast.com\/wordpress\/plugins\/seo\/ -->\n<title>Centreon figure pour la 3\u00e8me ann\u00e9e cons\u00e9cutive dans le Palmar\u00e8s \u00ab Les Champions de la Croissance 2021 \u00bb - Centreon<\/title>\n<meta name=\"robots\" content=\"index, follow, max-snippet:-1, max-image-preview:large, max-video-preview:-1\" \/>\n<link rel=\"canonical\" href=\"https:\/\/www.centreon.com\/fr\/news\/centreon-figure-pour-la-3eme-annee-consecutive-dans-le-palmares-les-champions-de-la-croissance-2021\/\" \/>\n<meta property=\"og:locale\" content=\"fr_FR\" \/>\n<meta property=\"og:type\" content=\"article\" \/>\n<meta property=\"og:title\" content=\"Centreon figure pour la 3\u00e8me ann\u00e9e cons\u00e9cutive dans le Palmar\u00e8s \u00ab Les Champions de la Croissance 2021 \u00bb - Centreon\" \/>\n<meta property=\"og:description\" content=\"Les Echos et le portail de Statistiques Statista d\u00e9voilent le palmar\u00e8s des Champions de la croissance \u00e9dition 2021 dans lequel Centreon figure pour la 3\u00e8me ann\u00e9e cons\u00e9cutive. Paris \u2013 le 9 F\u00e9vrier 2021\u00a0\u2013\u00a0Centreon, partenaire de&nbsp;...\" \/>\n<meta property=\"og:url\" content=\"https:\/\/www.centreon.com\/fr\/news\/centreon-figure-pour-la-3eme-annee-consecutive-dans-le-palmares-les-champions-de-la-croissance-2021\/\" \/>\n<meta property=\"og:site_name\" content=\"Centreon\" \/>\n<meta property=\"article:publisher\" content=\"https:\/\/www.facebook.com\/CentreonMonitoring\/\" \/>\n<meta property=\"og:image\" content=\"https:\/\/www.centreon.com\/wp-content\/uploads\/2022\/11\/Centreon-Champion-de-la-Croissance-2021-2.jpg\" \/>\n\t<meta property=\"og:image:width\" content=\"1368\" \/>\n\t<meta property=\"og:image:height\" content=\"854\" \/>\n\t<meta property=\"og:image:type\" content=\"image\/jpeg\" \/>\n<meta name=\"twitter:card\" content=\"summary_large_image\" \/>\n<meta name=\"twitter:site\" content=\"@CentreonFR\" \/>\n<meta name=\"twitter:label1\" content=\"Dur\u00e9e de lecture estim\u00e9e\" \/>\n\t<meta name=\"twitter:data1\" content=\"1 minute\" \/>\n<script type=\"application\/ld+json\" class=\"yoast-schema-graph\">{\"@context\":\"https:\/\/schema.org\",\"@graph\":[{\"@type\":\"WebPage\",\"@id\":\"https:\/\/www.centreon.com\/fr\/news\/centreon-figure-pour-la-3eme-annee-consecutive-dans-le-palmares-les-champions-de-la-croissance-2021\/\",\"url\":\"https:\/\/www.centreon.com\/fr\/news\/centreon-figure-pour-la-3eme-annee-consecutive-dans-le-palmares-les-champions-de-la-croissance-2021\/\",\"name\":\"Centreon figure pour la 3\u00e8me ann\u00e9e cons\u00e9cutive dans le Palmar\u00e8s \u00ab Les Champions de la Croissance 2021 \u00bb - Centreon\",\"isPartOf\":{\"@id\":\"https:\/\/www.centreon.com\/fr\/#website\"},\"primaryImageOfPage\":{\"@id\":\"https:\/\/www.centreon.com\/fr\/news\/centreon-figure-pour-la-3eme-annee-consecutive-dans-le-palmares-les-champions-de-la-croissance-2021\/#primaryimage\"},\"image\":{\"@id\":\"https:\/\/www.centreon.com\/fr\/news\/centreon-figure-pour-la-3eme-annee-consecutive-dans-le-palmares-les-champions-de-la-croissance-2021\/#primaryimage\"},\"thumbnailUrl\":\"https:\/\/www.centreon.com\/uploads\/2022\/11\/Centreon-Champion-de-la-Croissance-2021-2.jpg\",\"datePublished\":\"2021-02-09T08:46:52+00:00\",\"breadcrumb\":{\"@id\":\"https:\/\/www.centreon.com\/fr\/news\/centreon-figure-pour-la-3eme-annee-consecutive-dans-le-palmares-les-champions-de-la-croissance-2021\/#breadcrumb\"},\"inLanguage\":\"fr-FR\",\"potentialAction\":[{\"@type\":\"ReadAction\",\"target\":[\"https:\/\/www.centreon.com\/fr\/news\/centreon-figure-pour-la-3eme-annee-consecutive-dans-le-palmares-les-champions-de-la-croissance-2021\/\"]}]},{\"@type\":\"ImageObject\",\"inLanguage\":\"fr-FR\",\"@id\":\"https:\/\/www.centreon.com\/fr\/news\/centreon-figure-pour-la-3eme-annee-consecutive-dans-le-palmares-les-champions-de-la-croissance-2021\/#primaryimage\",\"url\":\"https:\/\/www.centreon.com\/uploads\/2022\/11\/Centreon-Champion-de-la-Croissance-2021-2.jpg\",\"contentUrl\":\"https:\/\/www.centreon.com\/uploads\/2022\/11\/Centreon-Champion-de-la-Croissance-2021-2.jpg\",\"width\":1368,\"height\":854},{\"@type\":\"BreadcrumbList\",\"@id\":\"https:\/\/www.centreon.com\/fr\/news\/centreon-figure-pour-la-3eme-annee-consecutive-dans-le-palmares-les-champions-de-la-croissance-2021\/#breadcrumb\",\"itemListElement\":[{\"@type\":\"ListItem\",\"position\":1,\"name\":\"Home\",\"item\":\"https:\/\/www.centreon.com\/fr\/\"},{\"@type\":\"ListItem\",\"position\":2,\"name\":\"Centreon figure pour la 3\u00e8me ann\u00e9e cons\u00e9cutive dans le Palmar\u00e8s \u00ab Les Champions de la Croissance 2021 \u00bb\"}]},{\"@type\":\"WebSite\",\"@id\":\"https:\/\/www.centreon.com\/fr\/#website\",\"url\":\"https:\/\/www.centreon.com\/fr\/\",\"name\":\"Centreon\",\"description\":\"Just another WordPress site\",\"publisher\":{\"@id\":\"https:\/\/www.centreon.com\/fr\/#organization\"},\"potentialAction\":[{\"@type\":\"SearchAction\",\"target\":{\"@type\":\"EntryPoint\",\"urlTemplate\":\"https:\/\/www.centreon.com\/fr\/?s={search_term_string}\"},\"query-input\":{\"@type\":\"PropertyValueSpecification\",\"valueRequired\":true,\"valueName\":\"search_term_string\"}}],\"inLanguage\":\"fr-FR\"},{\"@type\":\"Organization\",\"@id\":\"https:\/\/www.centreon.com\/fr\/#organization\",\"name\":\"Centreon\",\"url\":\"https:\/\/www.centreon.com\/fr\/\",\"logo\":{\"@type\":\"ImageObject\",\"inLanguage\":\"fr-FR\",\"@id\":\"https:\/\/www.centreon.com\/fr\/#\/schema\/logo\/image\/\",\"url\":\"https:\/\/www.centreon.com\/wp-content\/uploads\/2023\/07\/Logo_Centreon_Email_Signature_light_02.png\",\"contentUrl\":\"https:\/\/www.centreon.com\/wp-content\/uploads\/2023\/07\/Logo_Centreon_Email_Signature_light_02.png\",\"width\":180,\"height\":42,\"caption\":\"Centreon\"},\"image\":{\"@id\":\"https:\/\/www.centreon.com\/fr\/#\/schema\/logo\/image\/\"},\"sameAs\":[\"https:\/\/www.facebook.com\/CentreonMonitoring\/\",\"https:\/\/x.com\/CentreonFR\",\"https:\/\/www.linkedin.com\/company\/centreonsoftware\/\",\"https:\/\/www.youtube.com\/channel\/UCIKJKvZ8acLmEg2fCdDzsvA\",\"https:\/\/fr.wikipedia.org\/wiki\/Centreon\"]}]}<\/script>\n<!-- \/ Yoast SEO plugin. -->","yoast_head_json":{"title":"Centreon figure pour la 3\u00e8me ann\u00e9e cons\u00e9cutive dans le Palmar\u00e8s \u00ab Les Champions de la Croissance 2021 \u00bb - Centreon","robots":{"index":"index","follow":"follow","max-snippet":"max-snippet:-1","max-image-preview":"max-image-preview:large","max-video-preview":"max-video-preview:-1"},"canonical":"https:\/\/www.centreon.com\/fr\/news\/centreon-figure-pour-la-3eme-annee-consecutive-dans-le-palmares-les-champions-de-la-croissance-2021\/","og_locale":"fr_FR","og_type":"article","og_title":"Centreon figure pour la 3\u00e8me ann\u00e9e cons\u00e9cutive dans le Palmar\u00e8s \u00ab Les Champions de la Croissance 2021 \u00bb - Centreon","og_description":"Les Echos et le portail de Statistiques Statista d\u00e9voilent le palmar\u00e8s des Champions de la croissance \u00e9dition 2021 dans lequel Centreon figure pour la 3\u00e8me ann\u00e9e cons\u00e9cutive. Paris \u2013 le 9 F\u00e9vrier 2021\u00a0\u2013\u00a0Centreon, partenaire de&nbsp;...","og_url":"https:\/\/www.centreon.com\/fr\/news\/centreon-figure-pour-la-3eme-annee-consecutive-dans-le-palmares-les-champions-de-la-croissance-2021\/","og_site_name":"Centreon","article_publisher":"https:\/\/www.facebook.com\/CentreonMonitoring\/","og_image":[{"width":1368,"height":854,"url":"https:\/\/www.centreon.com\/wp-content\/uploads\/2022\/11\/Centreon-Champion-de-la-Croissance-2021-2.jpg","type":"image\/jpeg"}],"twitter_card":"summary_large_image","twitter_site":"@CentreonFR","twitter_misc":{"Dur\u00e9e de lecture estim\u00e9e":"1 minute"},"schema":{"@context":"https:\/\/schema.org","@graph":[{"@type":"WebPage","@id":"https:\/\/www.centreon.com\/fr\/news\/centreon-figure-pour-la-3eme-annee-consecutive-dans-le-palmares-les-champions-de-la-croissance-2021\/","url":"https:\/\/www.centreon.com\/fr\/news\/centreon-figure-pour-la-3eme-annee-consecutive-dans-le-palmares-les-champions-de-la-croissance-2021\/","name":"Centreon figure pour la 3\u00e8me ann\u00e9e cons\u00e9cutive dans le Palmar\u00e8s \u00ab Les Champions de la Croissance 2021 \u00bb - Centreon","isPartOf":{"@id":"https:\/\/www.centreon.com\/fr\/#website"},"primaryImageOfPage":{"@id":"https:\/\/www.centreon.com\/fr\/news\/centreon-figure-pour-la-3eme-annee-consecutive-dans-le-palmares-les-champions-de-la-croissance-2021\/#primaryimage"},"image":{"@id":"https:\/\/www.centreon.com\/fr\/news\/centreon-figure-pour-la-3eme-annee-consecutive-dans-le-palmares-les-champions-de-la-croissance-2021\/#primaryimage"},"thumbnailUrl":"https:\/\/www.centreon.com\/uploads\/2022\/11\/Centreon-Champion-de-la-Croissance-2021-2.jpg","datePublished":"2021-02-09T08:46:52+00:00","breadcrumb":{"@id":"https:\/\/www.centreon.com\/fr\/news\/centreon-figure-pour-la-3eme-annee-consecutive-dans-le-palmares-les-champions-de-la-croissance-2021\/#breadcrumb"},"inLanguage":"fr-FR","potentialAction":[{"@type":"ReadAction","target":["https:\/\/www.centreon.com\/fr\/news\/centreon-figure-pour-la-3eme-annee-consecutive-dans-le-palmares-les-champions-de-la-croissance-2021\/"]}]},{"@type":"ImageObject","inLanguage":"fr-FR","@id":"https:\/\/www.centreon.com\/fr\/news\/centreon-figure-pour-la-3eme-annee-consecutive-dans-le-palmares-les-champions-de-la-croissance-2021\/#primaryimage","url":"https:\/\/www.centreon.com\/uploads\/2022\/11\/Centreon-Champion-de-la-Croissance-2021-2.jpg","contentUrl":"https:\/\/www.centreon.com\/uploads\/2022\/11\/Centreon-Champion-de-la-Croissance-2021-2.jpg","width":1368,"height":854},{"@type":"BreadcrumbList","@id":"https:\/\/www.centreon.com\/fr\/news\/centreon-figure-pour-la-3eme-annee-consecutive-dans-le-palmares-les-champions-de-la-croissance-2021\/#breadcrumb","itemListElement":[{"@type":"ListItem","position":1,"name":"Home","item":"https:\/\/www.centreon.com\/fr\/"},{"@type":"ListItem","position":2,"name":"Centreon figure pour la 3\u00e8me ann\u00e9e cons\u00e9cutive dans le Palmar\u00e8s \u00ab Les Champions de la Croissance 2021 \u00bb"}]},{"@type":"WebSite","@id":"https:\/\/www.centreon.com\/fr\/#website","url":"https:\/\/www.centreon.com\/fr\/","name":"Centreon","description":"Just another WordPress site","publisher":{"@id":"https:\/\/www.centreon.com\/fr\/#organization"},"potentialAction":[{"@type":"SearchAction","target":{"@type":"EntryPoint","urlTemplate":"https:\/\/www.centreon.com\/fr\/?s={search_term_string}"},"query-input":{"@type":"PropertyValueSpecification","valueRequired":true,"valueName":"search_term_string"}}],"inLanguage":"fr-FR"},{"@type":"Organization","@id":"https:\/\/www.centreon.com\/fr\/#organization","name":"Centreon","url":"https:\/\/www.centreon.com\/fr\/","logo":{"@type":"ImageObject","inLanguage":"fr-FR","@id":"https:\/\/www.centreon.com\/fr\/#\/schema\/logo\/image\/","url":"https:\/\/www.centreon.com\/wp-content\/uploads\/2023\/07\/Logo_Centreon_Email_Signature_light_02.png","contentUrl":"https:\/\/www.centreon.com\/wp-content\/uploads\/2023\/07\/Logo_Centreon_Email_Signature_light_02.png","width":180,"height":42,"caption":"Centreon"},"image":{"@id":"https:\/\/www.centreon.com\/fr\/#\/schema\/logo\/image\/"},"sameAs":["https:\/\/www.facebook.com\/CentreonMonitoring\/","https:\/\/x.com\/CentreonFR","https:\/\/www.linkedin.com\/company\/centreonsoftware\/","https:\/\/www.youtube.com\/channel\/UCIKJKvZ8acLmEg2fCdDzsvA","https:\/\/fr.wikipedia.org\/wiki\/Centreon"]}]}},"_links":{"self":[{"href":"https:\/\/www.centreon.com\/fr\/wp-json\/wp\/v2\/news\/8042","targetHints":{"allow":["GET"]}}],"collection":[{"href":"https:\/\/www.centreon.com\/fr\/wp-json\/wp\/v2\/news"}],"about":[{"href":"https:\/\/www.centreon.com\/fr\/wp-json\/wp\/v2\/types\/news"}],"wp:featuredmedia":[{"embeddable":true,"href":"https:\/\/www.centreon.com\/fr\/wp-json\/wp\/v2\/media\/7499"}],"wp:attachment":[{"href":"https:\/\/www.centreon.com\/fr\/wp-json\/wp\/v2\/media?parent=8042"}],"wp:term":[{"taxonomy":"news-type","embeddable":true,"href":"https:\/\/www.centreon.com\/fr\/wp-json\/wp\/v2\/news-type?post=8042"},{"taxonomy":"theme","embeddable":true,"href":"https:\/\/www.centreon.com\/fr\/wp-json\/wp\/v2\/theme?post=8042"}],"curies":[{"name":"wp","href":"https:\/\/api.w.org\/{rel}","templated":true}]}}