{"id":7922,"date":"2017-07-02T07:38:45","date_gmt":"2017-07-02T05:38:45","guid":{"rendered":"https:\/\/www.centreon.com\/news\/communique-de-presse-les-partenariats-et-les-alliances-strategiques\/"},"modified":"2023-12-21T13:37:14","modified_gmt":"2023-12-21T12:37:14","slug":"communique-de-presse-les-partenariats-et-les-alliances-strategiques","status":"publish","type":"news","link":"https:\/\/www.centreon.com\/fr\/news\/communique-de-presse-les-partenariats-et-les-alliances-strategiques\/","title":{"rendered":"Les Partenariats et les Alliances strat\u00e9giques"},"content":{"rendered":"<h4>Les Partenariats et les Alliances strat\u00e9giques au c\u0153ur de la strat\u00e9gie de d\u00e9veloppement de Centreon en 2017<\/h4>\n<p>Pour soutenir son d\u00e9veloppement, Centreon met en place une politique de \u00ab\u00a0Partenariat et d\u2019Alliances\u00a0\u00bb avec les ESN pour adresser le segment des grands comptes et des ETI. Bas\u00e9 sur le principe d\u2019un \u00ab\u00a0cercle vertueux\u00a0\u00bb, le programme mise avant tout sur un dispositif continu de mont\u00e9e en comp\u00e9tences permanent des partenaires et d\u2019accompagnement par les \u00e9quipes de Centreon.<\/p>\n<p>Cr\u00e9\u00e9 en 2005, Centreon est un \u00e9diteur fran\u00e7ais ind\u00e9pendant de solutions de monitoring IT. Apr\u00e8s s\u2019\u00eatre appuy\u00e9e pendant de nombreuses ann\u00e9es sur un mod\u00e8le \u00e9conomique bas\u00e9 sur le gratuit de l\u2019Open source, l\u2019entreprise acc\u00e9l\u00e8re sa mue vers un mod\u00e8le d\u2019\u00e9diteur de logiciels, via la cr\u00e9ation d\u2019un r\u00e9seau de partenaires \u00e0 forte valeur ajout\u00e9e avec des ESN (Entreprises de Services Num\u00e9riques) et des ISV (Independent Software Vendors), bas\u00e9 sur l\u2019offre Centreon EMS(*). Ces partenariats prendront des formes diff\u00e9rentes selon les composantes m\u00e9tiers des ESN, qu\u2019il s\u2019agisse d\u2019activit\u00e9s de conseil, d\u2019int\u00e9gration, d\u2019infog\u00e9rance ou d\u2019innovation. Ils pourront donner naissance \u00e0 des Alliances Strat\u00e9giques porteuses de projets collaboratifs.<\/p>\n<p>Avec la cr\u00e9ation de son programme Partenaires, Centreon aborde une nouvelle \u00e9tape fondamentale de son recentrage vers son m\u00e9tier d\u2019\u00e9diteur de logiciels. L&rsquo;entreprise a d\u00e9cid\u00e9 de dynamiser sa politique commerciale autour de Centreon EMS(*) et se recentrer sur ses\u00a0 activit\u00e9s de services d\u2019expertise \u00e9diteur en renfor\u00e7ant la collaboration avec ses partenaires, en France et \u00e0 l\u2019international.<\/p>\n<p>Le nouveau programme Partenaires Centreon, est pens\u00e9 pour les ESN et ISV tout en r\u00e9pondant aussi aux sp\u00e9cificit\u00e9s de l\u2019activit\u00e9 d\u2019infog\u00e9rance via des conditions adapt\u00e9es. Il int\u00e8gre un dispositif complet de mont\u00e9e en comp\u00e9tences, depuis les formations avant-ventes jusqu\u2019aux formations certifiantes. Certains partenaires pourront devenir Centre de formation Agr\u00e9\u00e9 (Centreon Training Center) notamment \u00e0 l\u2019international.\u00a0 Les \u00e9quipes de Centreon assistent tous les partenaires dans les phases avant-ventes des projets. Pour adresser les grands comptes et les entreprises de taille interm\u00e9diaire le programme repose sur<strong>\u00a0 trois niveaux\u00a0: Active, Advanced et Premier<\/strong>, accessibles selon des crit\u00e8res pr\u00e9cis.<\/p>\n<p>Tous les partenaires candidats porteurs d\u2019un projet, int\u00e8grent \u201cl\u2019open Ecosystem\u201d de Centreon. Ils peuvent ainsi commencer \u00e0 collaborer avec l\u2019\u00e9diteur dans l\u2019optique de rejoindre le niveau Active, sous r\u00e9serve de valider leur niveau de comp\u00e9tences techniques et leur engagement commercial.. Pour acc\u00e9der aux niveaux Active, Advanced ou Premier, les partenaires devront certifier des collaborateurs et avoir une r\u00e9elle dynamique commerciale et marketing. Plus l\u2019engagement partenarial est fort et la collaboration d\u00e9velopp\u00e9e, plus le niveau est \u00e9lev\u00e9, avec des conditions commerciales avantageuses et des b\u00e9n\u00e9fices en termes d\u2019acc\u00e8s aux collaborateurs et ressources \u00e9diteur (commerciales, marketing, techniques, R&amp;D).<\/p>\n<p>Pr\u00e9requis selon les niveaux\u00a0:<\/p>\n<ul>\n<li>Active\u00a0: il s\u2019agit du premier niveau du programme, \u00e0 partir duquel les partenaires acc\u00e8dent aux formations avant-vente r. Pour atteindre ce niveau, il faudra que les partenaires certifient \u00e0 minima 2 collaborateurs et r\u00e9alisent au moins 2 projets dans l\u2019ann\u00e9e<\/li>\n<li>Advanced\u00a0: pour acc\u00e9der \u00e0 ce deuxi\u00e8me niveau, les partenaires devront justifier de 2 \u00e0 8 collaborateurs certifi\u00e9s, et r\u00e9aliser au moins 3 projets dans l\u2019ann\u00e9e<\/li>\n<li>Premier\u00a0: ultime niveau, les partenaires devront avoir plus de 8 collaborateurs certifi\u00e9s et r\u00e9aliser au moins 5 projets dans l\u2019ann\u00e9e.<\/li>\n<\/ul>\n<p>Les projets internationaux permettent d\u2019acc\u00e9l\u00e9rer l\u2019acc\u00e8s \u00e0 des niveaux sup\u00e9rieurs du programme. Ce programme a \u00e9galement pour vocation de favoriser la co-innovation, valeur ch\u00e8re \u00e0 Centreon dont l\u2019ADN l\u2019a toujours port\u00e9 \u00e0 s\u2019appuyer sur une communaut\u00e9 tr\u00e8s active d\u2019utilisateurs &#8211; contributeurs.<\/p>\n<p>Les partenaires actifs au 1<sup>er<\/sup> janvier 2017 se verront proposer des conditions avantageuses pour rejoindre le r\u00e9seau. Ils seront officiellement int\u00e9gr\u00e9s dans le programme en fonction du chiffre d\u2019affaires r\u00e9alis\u00e9 par le pass\u00e9 et des comp\u00e9tences techniques des collaborateurs. Ces derniers se verront offrir la possibilit\u00e9 d\u2019acc\u00e9der \u00e0 la certification, via des formations passerelles. Par cette d\u00e9marche, Centreon entend r\u00e9compenser les partenaires qui ont, par le pass\u00e9, investi autour des solutions Centreon en formant ses collaborateurs et en menant \u00e0 bout des projets innovants.<\/p>\n<p>Par ailleurs, Centreon mettra en avant ses partenaires France comme internationaux en les rendant visibles sur son site web. De plus, ils pourront apposer un logo Partenaire fonction de leur niveau dans le programme. Les partenaires Advanced et Premier b\u00e9n\u00e9ficieront d\u2019actions de co-marketing et d\u2019un dispositif de co-innovation d\u00e9di\u00e9.<\/p>\n<p style=\"text-align: center;\"><strong><a href=\"https:\/\/www.centreon.com\/wp-content\/uploads\/2017\/08\/2017_02_CP_Partenariats_FR.pdf\" target=\"_blank\" rel=\"noopener noreferrer\">T\u00e9l\u00e9chargez le communiqu\u00e9 de presse<\/a><\/strong><\/p>\n<p>Quelques retomb\u00e9es presse :<\/p>\n<ul>\n<li>Cloudworks (Benelux) : <a href=\"http:\/\/cloudworks.nu\/2017\/07\/24\/centreon-richt-zich-op-partnerovereenkomsten-in-groeistrategie-voor-2017\/\" target=\"_blank\" rel=\"noopener noreferrer\">Centreon richt zich op partnerovereenkomsten in groeistrategie voor 2017\u00a0<\/a><\/li>\n<li>ChannelBiz (Espagne) : <a href=\"http:\/\/www.channelbiz.es\/2017\/08\/28\/centreon-desarrolla-su-programa-para-socios\/\" target=\"_blank\" rel=\"noopener noreferrer\">Centreon desarrolla su programa para socios<\/a><\/li>\n<li>El Mundo Financiero (Espagne) : <a href=\"http:\/\/www.elmundofinanciero.com\/noticia\/69765\/empresas\/centreon-impulsa-nuevos-acuerdos-y-alianzas-como-parte-de-su-estrategia-de-desarrollo-.html\" target=\"_blank\" rel=\"noopener noreferrer\">Centreon impulsa nuevos acuerdos y alianzas como parte de su estrategia de desarrollo<\/a><\/li>\n<li>MtoM mag (France) : <a href=\"http:\/\/www.mtom-mag.com\/article4455.html\" target=\"_blank\" rel=\"noopener noreferrer\">Les Partenariats et les Alliances strat\u00e9giques au c\u0153ur de la strat\u00e9gie de Centreon<\/a><\/li>\n<\/ul>\n","protected":false},"featured_media":6952,"template":"","news-type":[117],"theme":[],"class_list":["post-7922","news","type-news","status-publish","has-post-thumbnail","hentry","news-type-communique-de-presse"],"acf":[],"yoast_head":"<!-- This site is optimized with the Yoast SEO plugin v26.6 - https:\/\/yoast.com\/wordpress\/plugins\/seo\/ -->\n<title>Communiqu\u00e9 : Les Partenariats et les Alliances strat\u00e9giques<\/title>\n<meta name=\"description\" content=\"Pour soutenir son d\u00e9veloppement, Centreon met en place une politique de \u00ab\u00a0Partenariat et d\u2019Alliances\u00a0\u00bb avec les ESN.\" \/>\n<meta name=\"robots\" content=\"index, follow, max-snippet:-1, max-image-preview:large, max-video-preview:-1\" \/>\n<link rel=\"canonical\" href=\"https:\/\/www.centreon.com\/fr\/news\/communique-de-presse-les-partenariats-et-les-alliances-strategiques\/\" \/>\n<meta property=\"og:locale\" content=\"fr_FR\" \/>\n<meta property=\"og:type\" content=\"article\" \/>\n<meta property=\"og:title\" content=\"Communiqu\u00e9 : Les Partenariats et les Alliances strat\u00e9giques\" \/>\n<meta property=\"og:description\" content=\"Pour soutenir son d\u00e9veloppement, Centreon met en place une politique de \u00ab\u00a0Partenariat et d\u2019Alliances\u00a0\u00bb avec les ESN.\" \/>\n<meta property=\"og:url\" content=\"https:\/\/www.centreon.com\/fr\/news\/communique-de-presse-les-partenariats-et-les-alliances-strategiques\/\" \/>\n<meta property=\"og:site_name\" content=\"Centreon\" \/>\n<meta property=\"article:publisher\" content=\"https:\/\/www.facebook.com\/CentreonMonitoring\/\" \/>\n<meta property=\"article:modified_time\" content=\"2023-12-21T12:37:14+00:00\" \/>\n<meta property=\"og:image\" content=\"https:\/\/www.centreon.com\/wp-content\/uploads\/2022\/11\/shutterstock_463364912.jpg\" \/>\n\t<meta property=\"og:image:width\" content=\"1000\" \/>\n\t<meta property=\"og:image:height\" content=\"660\" \/>\n\t<meta property=\"og:image:type\" content=\"image\/jpeg\" \/>\n<meta name=\"twitter:card\" content=\"summary_large_image\" \/>\n<meta name=\"twitter:site\" content=\"@CentreonFR\" \/>\n<meta name=\"twitter:label1\" content=\"Dur\u00e9e de lecture estim\u00e9e\" \/>\n\t<meta name=\"twitter:data1\" content=\"4 minutes\" \/>\n<script type=\"application\/ld+json\" class=\"yoast-schema-graph\">{\"@context\":\"https:\/\/schema.org\",\"@graph\":[{\"@type\":\"WebPage\",\"@id\":\"https:\/\/www.centreon.com\/fr\/news\/communique-de-presse-les-partenariats-et-les-alliances-strategiques\/\",\"url\":\"https:\/\/www.centreon.com\/fr\/news\/communique-de-presse-les-partenariats-et-les-alliances-strategiques\/\",\"name\":\"Communiqu\u00e9 : Les Partenariats et les Alliances strat\u00e9giques\",\"isPartOf\":{\"@id\":\"https:\/\/www.centreon.com\/fr\/#website\"},\"primaryImageOfPage\":{\"@id\":\"https:\/\/www.centreon.com\/fr\/news\/communique-de-presse-les-partenariats-et-les-alliances-strategiques\/#primaryimage\"},\"image\":{\"@id\":\"https:\/\/www.centreon.com\/fr\/news\/communique-de-presse-les-partenariats-et-les-alliances-strategiques\/#primaryimage\"},\"thumbnailUrl\":\"https:\/\/www.centreon.com\/uploads\/2022\/11\/shutterstock_463364912.jpg\",\"datePublished\":\"2017-07-02T05:38:45+00:00\",\"dateModified\":\"2023-12-21T12:37:14+00:00\",\"description\":\"Pour soutenir son d\u00e9veloppement, Centreon met en place une politique de \u00ab\u00a0Partenariat et d\u2019Alliances\u00a0\u00bb avec les ESN.\",\"breadcrumb\":{\"@id\":\"https:\/\/www.centreon.com\/fr\/news\/communique-de-presse-les-partenariats-et-les-alliances-strategiques\/#breadcrumb\"},\"inLanguage\":\"fr-FR\",\"potentialAction\":[{\"@type\":\"ReadAction\",\"target\":[\"https:\/\/www.centreon.com\/fr\/news\/communique-de-presse-les-partenariats-et-les-alliances-strategiques\/\"]}]},{\"@type\":\"ImageObject\",\"inLanguage\":\"fr-FR\",\"@id\":\"https:\/\/www.centreon.com\/fr\/news\/communique-de-presse-les-partenariats-et-les-alliances-strategiques\/#primaryimage\",\"url\":\"https:\/\/www.centreon.com\/uploads\/2022\/11\/shutterstock_463364912.jpg\",\"contentUrl\":\"https:\/\/www.centreon.com\/uploads\/2022\/11\/shutterstock_463364912.jpg\",\"width\":1000,\"height\":660},{\"@type\":\"BreadcrumbList\",\"@id\":\"https:\/\/www.centreon.com\/fr\/news\/communique-de-presse-les-partenariats-et-les-alliances-strategiques\/#breadcrumb\",\"itemListElement\":[{\"@type\":\"ListItem\",\"position\":1,\"name\":\"Home\",\"item\":\"https:\/\/www.centreon.com\/fr\/\"},{\"@type\":\"ListItem\",\"position\":2,\"name\":\"Les Partenariats et les Alliances strat\u00e9giques\"}]},{\"@type\":\"WebSite\",\"@id\":\"https:\/\/www.centreon.com\/fr\/#website\",\"url\":\"https:\/\/www.centreon.com\/fr\/\",\"name\":\"Centreon\",\"description\":\"Just another WordPress site\",\"publisher\":{\"@id\":\"https:\/\/www.centreon.com\/fr\/#organization\"},\"potentialAction\":[{\"@type\":\"SearchAction\",\"target\":{\"@type\":\"EntryPoint\",\"urlTemplate\":\"https:\/\/www.centreon.com\/fr\/?s={search_term_string}\"},\"query-input\":{\"@type\":\"PropertyValueSpecification\",\"valueRequired\":true,\"valueName\":\"search_term_string\"}}],\"inLanguage\":\"fr-FR\"},{\"@type\":\"Organization\",\"@id\":\"https:\/\/www.centreon.com\/fr\/#organization\",\"name\":\"Centreon\",\"url\":\"https:\/\/www.centreon.com\/fr\/\",\"logo\":{\"@type\":\"ImageObject\",\"inLanguage\":\"fr-FR\",\"@id\":\"https:\/\/www.centreon.com\/fr\/#\/schema\/logo\/image\/\",\"url\":\"https:\/\/www.centreon.com\/wp-content\/uploads\/2023\/07\/Logo_Centreon_Email_Signature_light_02.png\",\"contentUrl\":\"https:\/\/www.centreon.com\/wp-content\/uploads\/2023\/07\/Logo_Centreon_Email_Signature_light_02.png\",\"width\":180,\"height\":42,\"caption\":\"Centreon\"},\"image\":{\"@id\":\"https:\/\/www.centreon.com\/fr\/#\/schema\/logo\/image\/\"},\"sameAs\":[\"https:\/\/www.facebook.com\/CentreonMonitoring\/\",\"https:\/\/x.com\/CentreonFR\",\"https:\/\/www.linkedin.com\/company\/centreonsoftware\/\",\"https:\/\/www.youtube.com\/channel\/UCIKJKvZ8acLmEg2fCdDzsvA\",\"https:\/\/fr.wikipedia.org\/wiki\/Centreon\"]}]}<\/script>\n<!-- \/ Yoast SEO plugin. -->","yoast_head_json":{"title":"Communiqu\u00e9 : Les Partenariats et les Alliances strat\u00e9giques","description":"Pour soutenir son d\u00e9veloppement, Centreon met en place une politique de \u00ab\u00a0Partenariat et d\u2019Alliances\u00a0\u00bb avec les ESN.","robots":{"index":"index","follow":"follow","max-snippet":"max-snippet:-1","max-image-preview":"max-image-preview:large","max-video-preview":"max-video-preview:-1"},"canonical":"https:\/\/www.centreon.com\/fr\/news\/communique-de-presse-les-partenariats-et-les-alliances-strategiques\/","og_locale":"fr_FR","og_type":"article","og_title":"Communiqu\u00e9 : Les Partenariats et les Alliances strat\u00e9giques","og_description":"Pour soutenir son d\u00e9veloppement, Centreon met en place une politique de \u00ab\u00a0Partenariat et d\u2019Alliances\u00a0\u00bb avec les ESN.","og_url":"https:\/\/www.centreon.com\/fr\/news\/communique-de-presse-les-partenariats-et-les-alliances-strategiques\/","og_site_name":"Centreon","article_publisher":"https:\/\/www.facebook.com\/CentreonMonitoring\/","article_modified_time":"2023-12-21T12:37:14+00:00","og_image":[{"width":1000,"height":660,"url":"https:\/\/www.centreon.com\/wp-content\/uploads\/2022\/11\/shutterstock_463364912.jpg","type":"image\/jpeg"}],"twitter_card":"summary_large_image","twitter_site":"@CentreonFR","twitter_misc":{"Dur\u00e9e de lecture estim\u00e9e":"4 minutes"},"schema":{"@context":"https:\/\/schema.org","@graph":[{"@type":"WebPage","@id":"https:\/\/www.centreon.com\/fr\/news\/communique-de-presse-les-partenariats-et-les-alliances-strategiques\/","url":"https:\/\/www.centreon.com\/fr\/news\/communique-de-presse-les-partenariats-et-les-alliances-strategiques\/","name":"Communiqu\u00e9 : Les Partenariats et les Alliances strat\u00e9giques","isPartOf":{"@id":"https:\/\/www.centreon.com\/fr\/#website"},"primaryImageOfPage":{"@id":"https:\/\/www.centreon.com\/fr\/news\/communique-de-presse-les-partenariats-et-les-alliances-strategiques\/#primaryimage"},"image":{"@id":"https:\/\/www.centreon.com\/fr\/news\/communique-de-presse-les-partenariats-et-les-alliances-strategiques\/#primaryimage"},"thumbnailUrl":"https:\/\/www.centreon.com\/uploads\/2022\/11\/shutterstock_463364912.jpg","datePublished":"2017-07-02T05:38:45+00:00","dateModified":"2023-12-21T12:37:14+00:00","description":"Pour soutenir son d\u00e9veloppement, Centreon met en place une politique de \u00ab\u00a0Partenariat et d\u2019Alliances\u00a0\u00bb avec les ESN.","breadcrumb":{"@id":"https:\/\/www.centreon.com\/fr\/news\/communique-de-presse-les-partenariats-et-les-alliances-strategiques\/#breadcrumb"},"inLanguage":"fr-FR","potentialAction":[{"@type":"ReadAction","target":["https:\/\/www.centreon.com\/fr\/news\/communique-de-presse-les-partenariats-et-les-alliances-strategiques\/"]}]},{"@type":"ImageObject","inLanguage":"fr-FR","@id":"https:\/\/www.centreon.com\/fr\/news\/communique-de-presse-les-partenariats-et-les-alliances-strategiques\/#primaryimage","url":"https:\/\/www.centreon.com\/uploads\/2022\/11\/shutterstock_463364912.jpg","contentUrl":"https:\/\/www.centreon.com\/uploads\/2022\/11\/shutterstock_463364912.jpg","width":1000,"height":660},{"@type":"BreadcrumbList","@id":"https:\/\/www.centreon.com\/fr\/news\/communique-de-presse-les-partenariats-et-les-alliances-strategiques\/#breadcrumb","itemListElement":[{"@type":"ListItem","position":1,"name":"Home","item":"https:\/\/www.centreon.com\/fr\/"},{"@type":"ListItem","position":2,"name":"Les Partenariats et les Alliances strat\u00e9giques"}]},{"@type":"WebSite","@id":"https:\/\/www.centreon.com\/fr\/#website","url":"https:\/\/www.centreon.com\/fr\/","name":"Centreon","description":"Just another WordPress site","publisher":{"@id":"https:\/\/www.centreon.com\/fr\/#organization"},"potentialAction":[{"@type":"SearchAction","target":{"@type":"EntryPoint","urlTemplate":"https:\/\/www.centreon.com\/fr\/?s={search_term_string}"},"query-input":{"@type":"PropertyValueSpecification","valueRequired":true,"valueName":"search_term_string"}}],"inLanguage":"fr-FR"},{"@type":"Organization","@id":"https:\/\/www.centreon.com\/fr\/#organization","name":"Centreon","url":"https:\/\/www.centreon.com\/fr\/","logo":{"@type":"ImageObject","inLanguage":"fr-FR","@id":"https:\/\/www.centreon.com\/fr\/#\/schema\/logo\/image\/","url":"https:\/\/www.centreon.com\/wp-content\/uploads\/2023\/07\/Logo_Centreon_Email_Signature_light_02.png","contentUrl":"https:\/\/www.centreon.com\/wp-content\/uploads\/2023\/07\/Logo_Centreon_Email_Signature_light_02.png","width":180,"height":42,"caption":"Centreon"},"image":{"@id":"https:\/\/www.centreon.com\/fr\/#\/schema\/logo\/image\/"},"sameAs":["https:\/\/www.facebook.com\/CentreonMonitoring\/","https:\/\/x.com\/CentreonFR","https:\/\/www.linkedin.com\/company\/centreonsoftware\/","https:\/\/www.youtube.com\/channel\/UCIKJKvZ8acLmEg2fCdDzsvA","https:\/\/fr.wikipedia.org\/wiki\/Centreon"]}]}},"_links":{"self":[{"href":"https:\/\/www.centreon.com\/fr\/wp-json\/wp\/v2\/news\/7922","targetHints":{"allow":["GET"]}}],"collection":[{"href":"https:\/\/www.centreon.com\/fr\/wp-json\/wp\/v2\/news"}],"about":[{"href":"https:\/\/www.centreon.com\/fr\/wp-json\/wp\/v2\/types\/news"}],"wp:featuredmedia":[{"embeddable":true,"href":"https:\/\/www.centreon.com\/fr\/wp-json\/wp\/v2\/media\/6952"}],"wp:attachment":[{"href":"https:\/\/www.centreon.com\/fr\/wp-json\/wp\/v2\/media?parent=7922"}],"wp:term":[{"taxonomy":"news-type","embeddable":true,"href":"https:\/\/www.centreon.com\/fr\/wp-json\/wp\/v2\/news-type?post=7922"},{"taxonomy":"theme","embeddable":true,"href":"https:\/\/www.centreon.com\/fr\/wp-json\/wp\/v2\/theme?post=7922"}],"curies":[{"name":"wp","href":"https:\/\/api.w.org\/{rel}","templated":true}]}}