{"id":39518,"date":"2025-05-15T16:00:01","date_gmt":"2025-05-15T14:00:01","guid":{"rendered":"https:\/\/www.centreon.com\/?post_type=news&#038;p=39518"},"modified":"2025-05-16T13:57:42","modified_gmt":"2025-05-16T11:57:42","slug":"centreon-sera-present-a-cybersec-europe-2025","status":"publish","type":"news","link":"https:\/\/www.centreon.com\/fr\/news\/centreon-sera-present-a-cybersec-europe-2025\/","title":{"rendered":"Centreon sera pr\u00e9sent \u00e0 Cybersec Europe 2025"},"content":{"rendered":"\r\n<h2><em>Centreon mettra en avant le r\u00f4le strat\u00e9gique de la supervision IT dans la protection des infrastructures critiques face aux menaces cyber.<\/em><\/h2>\r\n\r\n\r\n\r\n<p><strong>Paris, le 15 mai 2025 <\/strong>&#8211; <a href=\"https:\/\/www.centreon.com\/fr\/\">Centreon<\/a>, le partenaire de r\u00e9f\u00e9rence pour la supervision de la performance digitale, annonce sa participation \u00e0 <strong>Cybersec Europe 2025<\/strong>, l\u2019un des rendez-vous europ\u00e9ens majeurs de la cybers\u00e9curit\u00e9, qui se tiendra les 21 et 22 mai prochains \u00e0 Bruxelles.<\/p>\r\n\r\n\r\n\r\n<p>Cet \u00e9v\u00e9nement rassemble chaque ann\u00e9e les experts du secteur, les start-ups innovantes et les d\u00e9cideurs publics et priv\u00e9s autour des d\u00e9fis critiques de la s\u00e9curit\u00e9 num\u00e9rique. \u00c0 cette occasion, Centreon mettra en lumi\u00e8re le r\u00f4le central de la supervision IT dans la protection des infrastructures critiques et l\u2019am\u00e9lioration de la r\u00e9silience des organisations face aux menaces cyber.<\/p>\r\n\r\n\r\n\r\n<p>Dans un contexte marqu\u00e9 par l\u2019entr\u00e9e en vigueur de la directive NIS2, qui impose aux entreprises et organisations publiques europ\u00e9ennes un renforcement de leurs dispositifs de cybers\u00e9curit\u00e9, la supervision IT devient un levier strat\u00e9gique pour garantir la d\u00e9tection rapide des incidents, la disponibilit\u00e9 des syst\u00e8mes critiques et la conformit\u00e9 r\u00e9glementaire. Centreon s\u2019inscrit pleinement dans cette dynamique, en apportant une visibilit\u00e9 compl\u00e8te et en temps r\u00e9el sur les environnements IT et OT.<\/p>\r\n\r\n\r\n\r\n<p>Sur son stand, Centreon pr\u00e9sentera ses solutions de supervision IT qui offrent une visibilit\u00e9 compl\u00e8te sur les syst\u00e8mes d\u2019information et permettent une d\u00e9tection proactive des d\u00e9faillances. Les visiteurs pourront d\u00e9couvrir comment la plateforme Centreon contribue au renforcement de la cybers\u00e9curit\u00e9 op\u00e9rationnelle en facilitant la coordination entre \u00e9quipes IT et \u00e9quipes de s\u00e9curit\u00e9.<\/p>\r\n\r\n\r\n\r\n<p>\u00ab <em>La supervision IT est un pilier de la cybers\u00e9curit\u00e9 moderne. Elle permet de d\u00e9tecter, comprendre et r\u00e9agir rapidement aux incidents qui affectent les infrastructures critiques. Nous sommes impatients de participer \u00e0 Cybersec Europe 2025 pour \u00e9changer avec les acteurs cl\u00e9s du secteur sur ces enjeux cruciaux,<\/em> \u00bb d\u00e9clare Eryk Markiewicz, Chief Marketing Officer de Centreon.<\/p>\r\n\r\n\r\n\r\n<p>\ud83d\udccd <strong>Cybersec Europe 2025<\/strong> \u2013 21 &amp; 22 mai \u2013 Brussels Expo.<\/p>\r\n\r\n\r\n\r\n<p>\ud83d\udd17 Plus d\u2019informations sur : <a href=\"https:\/\/www.cyberseceurope.com\/\">cyberseceurope.com<\/a><\/p>\r\n\r\n\r\n\r\n<p>&#8212;&#8212;&#8212;&#8212;&#8212;&#8212;&#8212;&#8212;&#8212;&#8212;&#8212;&#8212;&#8212;&#8212;&#8212;&#8212;&#8212;&#8212;&#8212;&#8212;&#8211;<\/p>\r\n\r\n\r\n\r\n<p><strong>\u00c0 propos de Centreon<\/strong><\/p>\r\n\r\n\r\n\r\n<p>Partenaire de r\u00e9f\u00e9rence pour la supervision de la performance digitale, Centreon a d\u00e9velopp\u00e9, une expertise unique en supervision des infrastructures, des r\u00e9seaux et de l\u2019exp\u00e9rience digitale des utilisateurs, depuis 2005. 1200 clients \u2013 organisations publiques, entreprises priv\u00e9es, MSPs, 80 partenaires experts et une communaut\u00e9 de 250 000 utilisateurs dans 60 pays s\u2019appuient sur Centreon au quotidien. Avec 160 collaborateurs r\u00e9partis dans 5 pays, Centreon r\u00e9alise une croissance moyenne de 25% par an. Plus d\u2019informations sur <a href=\"https:\/\/www.centreon.com\/fr\/\">www.centreon.com<\/a>.<\/p>\r\n","protected":false},"featured_media":39519,"template":"","news-type":[117],"theme":[],"class_list":["post-39518","news","type-news","status-publish","has-post-thumbnail","hentry","news-type-communique-de-presse"],"acf":[],"yoast_head":"<!-- This site is optimized with the Yoast SEO plugin v26.6 - https:\/\/yoast.com\/wordpress\/plugins\/seo\/ -->\n<title>Centreon sera pr\u00e9sent \u00e0 Cybersec Europe 2025 - Centreon<\/title>\n<meta name=\"description\" content=\"Centreon mettra en avant le r\u00f4le strat\u00e9gique de la supervision IT dans la protection des infrastructures critiques face aux menaces cyber.\" \/>\n<meta name=\"robots\" content=\"index, follow, max-snippet:-1, max-image-preview:large, max-video-preview:-1\" \/>\n<link rel=\"canonical\" href=\"https:\/\/www.centreon.com\/fr\/news\/centreon-sera-present-a-cybersec-europe-2025\/\" \/>\n<meta property=\"og:locale\" content=\"fr_FR\" \/>\n<meta property=\"og:type\" content=\"article\" \/>\n<meta property=\"og:title\" content=\"Centreon sera pr\u00e9sent \u00e0 Cybersec Europe 2025 - Centreon\" \/>\n<meta property=\"og:description\" content=\"Centreon mettra en avant le r\u00f4le strat\u00e9gique de la supervision IT dans la protection des infrastructures critiques face aux menaces cyber.\" \/>\n<meta property=\"og:url\" content=\"https:\/\/www.centreon.com\/fr\/news\/centreon-sera-present-a-cybersec-europe-2025\/\" \/>\n<meta property=\"og:site_name\" content=\"Centreon\" \/>\n<meta property=\"article:publisher\" content=\"https:\/\/www.facebook.com\/CentreonMonitoring\/\" \/>\n<meta property=\"article:modified_time\" content=\"2025-05-16T11:57:42+00:00\" \/>\n<meta property=\"og:image\" content=\"https:\/\/www.centreon.com\/wp-content\/uploads\/2025\/05\/CARD_CP_Centreon_Cybersec_Europe_2025.jpg\" \/>\n\t<meta property=\"og:image:width\" content=\"1200\" \/>\n\t<meta property=\"og:image:height\" content=\"629\" \/>\n\t<meta property=\"og:image:type\" content=\"image\/jpeg\" \/>\n<meta name=\"twitter:card\" content=\"summary_large_image\" \/>\n<meta name=\"twitter:site\" content=\"@CentreonFR\" \/>\n<meta name=\"twitter:label1\" content=\"Dur\u00e9e de lecture estim\u00e9e\" \/>\n\t<meta name=\"twitter:data1\" content=\"2 minutes\" \/>\n<script type=\"application\/ld+json\" class=\"yoast-schema-graph\">{\"@context\":\"https:\/\/schema.org\",\"@graph\":[{\"@type\":\"WebPage\",\"@id\":\"https:\/\/www.centreon.com\/fr\/news\/centreon-sera-present-a-cybersec-europe-2025\/\",\"url\":\"https:\/\/www.centreon.com\/fr\/news\/centreon-sera-present-a-cybersec-europe-2025\/\",\"name\":\"Centreon sera pr\u00e9sent \u00e0 Cybersec Europe 2025 - Centreon\",\"isPartOf\":{\"@id\":\"https:\/\/www.centreon.com\/fr\/#website\"},\"primaryImageOfPage\":{\"@id\":\"https:\/\/www.centreon.com\/fr\/news\/centreon-sera-present-a-cybersec-europe-2025\/#primaryimage\"},\"image\":{\"@id\":\"https:\/\/www.centreon.com\/fr\/news\/centreon-sera-present-a-cybersec-europe-2025\/#primaryimage\"},\"thumbnailUrl\":\"https:\/\/www.centreon.com\/uploads\/2025\/05\/CARD_CP_Centreon_Cybersec_Europe_2025.jpg\",\"datePublished\":\"2025-05-15T14:00:01+00:00\",\"dateModified\":\"2025-05-16T11:57:42+00:00\",\"description\":\"Centreon mettra en avant le r\u00f4le strat\u00e9gique de la supervision IT dans la protection des infrastructures critiques face aux menaces cyber.\",\"breadcrumb\":{\"@id\":\"https:\/\/www.centreon.com\/fr\/news\/centreon-sera-present-a-cybersec-europe-2025\/#breadcrumb\"},\"inLanguage\":\"fr-FR\",\"potentialAction\":[{\"@type\":\"ReadAction\",\"target\":[\"https:\/\/www.centreon.com\/fr\/news\/centreon-sera-present-a-cybersec-europe-2025\/\"]}]},{\"@type\":\"ImageObject\",\"inLanguage\":\"fr-FR\",\"@id\":\"https:\/\/www.centreon.com\/fr\/news\/centreon-sera-present-a-cybersec-europe-2025\/#primaryimage\",\"url\":\"https:\/\/www.centreon.com\/uploads\/2025\/05\/CARD_CP_Centreon_Cybersec_Europe_2025.jpg\",\"contentUrl\":\"https:\/\/www.centreon.com\/uploads\/2025\/05\/CARD_CP_Centreon_Cybersec_Europe_2025.jpg\",\"width\":1200,\"height\":629},{\"@type\":\"BreadcrumbList\",\"@id\":\"https:\/\/www.centreon.com\/fr\/news\/centreon-sera-present-a-cybersec-europe-2025\/#breadcrumb\",\"itemListElement\":[{\"@type\":\"ListItem\",\"position\":1,\"name\":\"Home\",\"item\":\"https:\/\/www.centreon.com\/fr\/\"},{\"@type\":\"ListItem\",\"position\":2,\"name\":\"Centreon sera pr\u00e9sent \u00e0 Cybersec Europe 2025\"}]},{\"@type\":\"WebSite\",\"@id\":\"https:\/\/www.centreon.com\/fr\/#website\",\"url\":\"https:\/\/www.centreon.com\/fr\/\",\"name\":\"Centreon\",\"description\":\"Just another WordPress site\",\"publisher\":{\"@id\":\"https:\/\/www.centreon.com\/fr\/#organization\"},\"potentialAction\":[{\"@type\":\"SearchAction\",\"target\":{\"@type\":\"EntryPoint\",\"urlTemplate\":\"https:\/\/www.centreon.com\/fr\/?s={search_term_string}\"},\"query-input\":{\"@type\":\"PropertyValueSpecification\",\"valueRequired\":true,\"valueName\":\"search_term_string\"}}],\"inLanguage\":\"fr-FR\"},{\"@type\":\"Organization\",\"@id\":\"https:\/\/www.centreon.com\/fr\/#organization\",\"name\":\"Centreon\",\"url\":\"https:\/\/www.centreon.com\/fr\/\",\"logo\":{\"@type\":\"ImageObject\",\"inLanguage\":\"fr-FR\",\"@id\":\"https:\/\/www.centreon.com\/fr\/#\/schema\/logo\/image\/\",\"url\":\"https:\/\/www.centreon.com\/wp-content\/uploads\/2023\/07\/Logo_Centreon_Email_Signature_light_02.png\",\"contentUrl\":\"https:\/\/www.centreon.com\/wp-content\/uploads\/2023\/07\/Logo_Centreon_Email_Signature_light_02.png\",\"width\":180,\"height\":42,\"caption\":\"Centreon\"},\"image\":{\"@id\":\"https:\/\/www.centreon.com\/fr\/#\/schema\/logo\/image\/\"},\"sameAs\":[\"https:\/\/www.facebook.com\/CentreonMonitoring\/\",\"https:\/\/x.com\/CentreonFR\",\"https:\/\/www.linkedin.com\/company\/centreonsoftware\/\",\"https:\/\/www.youtube.com\/channel\/UCIKJKvZ8acLmEg2fCdDzsvA\",\"https:\/\/fr.wikipedia.org\/wiki\/Centreon\"]}]}<\/script>\n<!-- \/ Yoast SEO plugin. -->","yoast_head_json":{"title":"Centreon sera pr\u00e9sent \u00e0 Cybersec Europe 2025 - Centreon","description":"Centreon mettra en avant le r\u00f4le strat\u00e9gique de la supervision IT dans la protection des infrastructures critiques face aux menaces cyber.","robots":{"index":"index","follow":"follow","max-snippet":"max-snippet:-1","max-image-preview":"max-image-preview:large","max-video-preview":"max-video-preview:-1"},"canonical":"https:\/\/www.centreon.com\/fr\/news\/centreon-sera-present-a-cybersec-europe-2025\/","og_locale":"fr_FR","og_type":"article","og_title":"Centreon sera pr\u00e9sent \u00e0 Cybersec Europe 2025 - Centreon","og_description":"Centreon mettra en avant le r\u00f4le strat\u00e9gique de la supervision IT dans la protection des infrastructures critiques face aux menaces cyber.","og_url":"https:\/\/www.centreon.com\/fr\/news\/centreon-sera-present-a-cybersec-europe-2025\/","og_site_name":"Centreon","article_publisher":"https:\/\/www.facebook.com\/CentreonMonitoring\/","article_modified_time":"2025-05-16T11:57:42+00:00","og_image":[{"width":1200,"height":629,"url":"https:\/\/www.centreon.com\/wp-content\/uploads\/2025\/05\/CARD_CP_Centreon_Cybersec_Europe_2025.jpg","type":"image\/jpeg"}],"twitter_card":"summary_large_image","twitter_site":"@CentreonFR","twitter_misc":{"Dur\u00e9e de lecture estim\u00e9e":"2 minutes"},"schema":{"@context":"https:\/\/schema.org","@graph":[{"@type":"WebPage","@id":"https:\/\/www.centreon.com\/fr\/news\/centreon-sera-present-a-cybersec-europe-2025\/","url":"https:\/\/www.centreon.com\/fr\/news\/centreon-sera-present-a-cybersec-europe-2025\/","name":"Centreon sera pr\u00e9sent \u00e0 Cybersec Europe 2025 - Centreon","isPartOf":{"@id":"https:\/\/www.centreon.com\/fr\/#website"},"primaryImageOfPage":{"@id":"https:\/\/www.centreon.com\/fr\/news\/centreon-sera-present-a-cybersec-europe-2025\/#primaryimage"},"image":{"@id":"https:\/\/www.centreon.com\/fr\/news\/centreon-sera-present-a-cybersec-europe-2025\/#primaryimage"},"thumbnailUrl":"https:\/\/www.centreon.com\/uploads\/2025\/05\/CARD_CP_Centreon_Cybersec_Europe_2025.jpg","datePublished":"2025-05-15T14:00:01+00:00","dateModified":"2025-05-16T11:57:42+00:00","description":"Centreon mettra en avant le r\u00f4le strat\u00e9gique de la supervision IT dans la protection des infrastructures critiques face aux menaces cyber.","breadcrumb":{"@id":"https:\/\/www.centreon.com\/fr\/news\/centreon-sera-present-a-cybersec-europe-2025\/#breadcrumb"},"inLanguage":"fr-FR","potentialAction":[{"@type":"ReadAction","target":["https:\/\/www.centreon.com\/fr\/news\/centreon-sera-present-a-cybersec-europe-2025\/"]}]},{"@type":"ImageObject","inLanguage":"fr-FR","@id":"https:\/\/www.centreon.com\/fr\/news\/centreon-sera-present-a-cybersec-europe-2025\/#primaryimage","url":"https:\/\/www.centreon.com\/uploads\/2025\/05\/CARD_CP_Centreon_Cybersec_Europe_2025.jpg","contentUrl":"https:\/\/www.centreon.com\/uploads\/2025\/05\/CARD_CP_Centreon_Cybersec_Europe_2025.jpg","width":1200,"height":629},{"@type":"BreadcrumbList","@id":"https:\/\/www.centreon.com\/fr\/news\/centreon-sera-present-a-cybersec-europe-2025\/#breadcrumb","itemListElement":[{"@type":"ListItem","position":1,"name":"Home","item":"https:\/\/www.centreon.com\/fr\/"},{"@type":"ListItem","position":2,"name":"Centreon sera pr\u00e9sent \u00e0 Cybersec Europe 2025"}]},{"@type":"WebSite","@id":"https:\/\/www.centreon.com\/fr\/#website","url":"https:\/\/www.centreon.com\/fr\/","name":"Centreon","description":"Just another WordPress site","publisher":{"@id":"https:\/\/www.centreon.com\/fr\/#organization"},"potentialAction":[{"@type":"SearchAction","target":{"@type":"EntryPoint","urlTemplate":"https:\/\/www.centreon.com\/fr\/?s={search_term_string}"},"query-input":{"@type":"PropertyValueSpecification","valueRequired":true,"valueName":"search_term_string"}}],"inLanguage":"fr-FR"},{"@type":"Organization","@id":"https:\/\/www.centreon.com\/fr\/#organization","name":"Centreon","url":"https:\/\/www.centreon.com\/fr\/","logo":{"@type":"ImageObject","inLanguage":"fr-FR","@id":"https:\/\/www.centreon.com\/fr\/#\/schema\/logo\/image\/","url":"https:\/\/www.centreon.com\/wp-content\/uploads\/2023\/07\/Logo_Centreon_Email_Signature_light_02.png","contentUrl":"https:\/\/www.centreon.com\/wp-content\/uploads\/2023\/07\/Logo_Centreon_Email_Signature_light_02.png","width":180,"height":42,"caption":"Centreon"},"image":{"@id":"https:\/\/www.centreon.com\/fr\/#\/schema\/logo\/image\/"},"sameAs":["https:\/\/www.facebook.com\/CentreonMonitoring\/","https:\/\/x.com\/CentreonFR","https:\/\/www.linkedin.com\/company\/centreonsoftware\/","https:\/\/www.youtube.com\/channel\/UCIKJKvZ8acLmEg2fCdDzsvA","https:\/\/fr.wikipedia.org\/wiki\/Centreon"]}]}},"_links":{"self":[{"href":"https:\/\/www.centreon.com\/fr\/wp-json\/wp\/v2\/news\/39518","targetHints":{"allow":["GET"]}}],"collection":[{"href":"https:\/\/www.centreon.com\/fr\/wp-json\/wp\/v2\/news"}],"about":[{"href":"https:\/\/www.centreon.com\/fr\/wp-json\/wp\/v2\/types\/news"}],"wp:featuredmedia":[{"embeddable":true,"href":"https:\/\/www.centreon.com\/fr\/wp-json\/wp\/v2\/media\/39519"}],"wp:attachment":[{"href":"https:\/\/www.centreon.com\/fr\/wp-json\/wp\/v2\/media?parent=39518"}],"wp:term":[{"taxonomy":"news-type","embeddable":true,"href":"https:\/\/www.centreon.com\/fr\/wp-json\/wp\/v2\/news-type?post=39518"},{"taxonomy":"theme","embeddable":true,"href":"https:\/\/www.centreon.com\/fr\/wp-json\/wp\/v2\/theme?post=39518"}],"curies":[{"name":"wp","href":"https:\/\/api.w.org\/{rel}","templated":true}]}}