{"id":39470,"date":"2025-05-13T10:00:03","date_gmt":"2025-05-13T08:00:03","guid":{"rendered":"https:\/\/www.centreon.com\/?post_type=news&#038;p=39470"},"modified":"2025-05-12T16:42:26","modified_gmt":"2025-05-12T14:42:26","slug":"centreon-et-orsenna-unissent-leurs-forces-a-santexpo-2025","status":"publish","type":"news","link":"https:\/\/www.centreon.com\/fr\/news\/centreon-et-orsenna-unissent-leurs-forces-a-santexpo-2025\/","title":{"rendered":"Centreon et Orsenna unissent leurs forces \u00e0 SantExpo 2025"},"content":{"rendered":"<h2><i><span style=\"font-weight: 400;\">Centreon et Orsenna sont partenaires \u00e0 SantExpo 2025, le rendez-vous incontournable du secteur sant\u00e9,\u00a0 pour renforcer la supervision IT en milieu hospitalier.<\/span><\/i><\/h2>\n<p><b>Paris \u2013<\/b><b>\u00a0 le 13 Mai 2025<\/b><b>\u00a0\u2013\u00a0<\/b><a href=\"https:\/\/www.centreon.com\/fr\/\" target=\"_blank\" rel=\"noopener\"><b>Centreon<\/b><\/a><span style=\"font-weight: 400;\">,, partenaire de r\u00e9f\u00e9rence pour la supervision de la performance digitale, et Orsenna, int\u00e9grateur sp\u00e9cialis\u00e9 en supervision r\u00e9seau et s\u00e9curit\u00e9, annoncent leur pr\u00e9sence conjointe \u00e0 SantExpo 2025, le salon de r\u00e9f\u00e9rence du secteur hospitalier et m\u00e9dico-social, qui se tiendra du 20 au 22 mai \u00e0 Paris Expo Porte de Versailles.<\/span><\/p>\n<p><span style=\"font-weight: 400;\">Organis\u00e9 par la F\u00e9d\u00e9ration hospitali\u00e8re de France, SantExpo est le principal salon d\u00e9di\u00e9 aux acteurs de la sant\u00e9, r\u00e9unissant chaque ann\u00e9e des milliers de professionnels et d\u00e9cideurs autour des innovations technologiques, des services num\u00e9riques et des solutions d\u2019avenir pour un syst\u00e8me de sant\u00e9 plus performant. Centreon et Orsenna y pr\u00e9senteront leurs approches combin\u00e9es pour r\u00e9pondre aux enjeux critiques de disponibilit\u00e9, visibilit\u00e9 et fiabilit\u00e9 des syst\u00e8mes IT dans les \u00e9tablissements de sant\u00e9.<\/span><\/p>\n<p><span style=\"font-weight: 400;\">Dans un contexte o\u00f9 la disponibilit\u00e9 des syst\u00e8mes d&rsquo;information est cruciale pour garantir la qualit\u00e9 des soins et la continuit\u00e9 des services hospitaliers, Centreon et Orsenna unissent leurs forces pour r\u00e9pondre aux enjeux technologiques des \u00e9tablissements de sant\u00e9. Leur objectif : offrir une supervision IT fiable, performante et adapt\u00e9e aux exigences des environnements critiques.<\/span><\/p>\n<p><span style=\"font-weight: 400;\">Les \u00e9quipes de Centreon et Orsenna seront disponibles Stand N\u00b0 I67, tout au long de l\u2019\u00e9v\u00e9nement pour \u00e9changer avec les DSI, RSSI et responsables techniques du secteur sant\u00e9.\u00a0<\/span><\/p>\n<p><span style=\"font-weight: 400;\">Pour plus d\u2019informations et participer \u00e0 l\u2019\u00e9v\u00e9nement, <\/span><a href=\"https:\/\/www.santexpo.com\/\" target=\"_blank\" rel=\"noopener\"><span style=\"font-weight: 400;\">cliquer ici<\/span><\/a><span style=\"font-weight: 400;\">.<\/span><\/p>\n<p><span style=\"font-weight: 400;\">&#8212;&#8212;&#8212;&#8212;&#8212;&#8212;&#8212;&#8212;&#8212;&#8212;&#8212;&#8212;&#8212;&#8212;&#8212;&#8212;&#8212;&#8212;&#8212;&#8212;&#8212;<\/span><\/p>\n<p><b>A propos de Centreon<\/b><\/p>\n<p><span style=\"font-weight: 400;\">Partenaire de r\u00e9f\u00e9rence pour la supervision de la performance digitale, Centreon a d\u00e9velopp\u00e9, une expertise unique en supervision des infrastructures, des r\u00e9seaux et de l\u2019exp\u00e9rience digitale des utilisateurs, depuis 2005. 1200 clients \u2013 organisations publiques, entreprises priv\u00e9es, MSPs, 80 partenaires experts et une communaut\u00e9 de 250 000 utilisateurs dans 60 pays s\u2019appuient sur Centreon au quotidien. Avec 160 collaborateurs r\u00e9partis dans 5 pays, Centreon r\u00e9alise une croissance moyenne de 25% par an.\u00a0<\/span><span style=\"font-weight: 400;\">Plus d\u2019informations sur <\/span><a href=\"https:\/\/www.centreon.com\/fr\/\" target=\"_blank\" rel=\"noopener\"><span style=\"font-weight: 400;\">centreon.com<\/span><\/a><span style=\"font-weight: 400;\">.\u00a0<\/span><\/p>\n<p>&nbsp;<\/p>\n<p><b>\u00c0 propos d\u2019Orsenna<\/b><\/p>\n<p><span style=\"font-weight: 400;\">Orsenna est un Expert Supervision et Int\u00e9grateur S\u00e9curit\u00e9. Elle a acquis une reconnaissance de ses \u00e9diteurs partenaires sur le march\u00e9 de la supervision. Orsenna intervient sur l\u2019\u00e9valuation des besoins et leur qualification par une \u00e9quipe d\u2019ing\u00e9nieurs experts, et accompagne ses clients, en France et \u00e0 l\u2019international, dans le d\u00e9ploiement des solutions ad\u00e9quates. Plus d\u2019informations sur <\/span><a href=\"http:\/\/www.orsenna.fr\/\" target=\"_blank\" rel=\"noopener\"><span style=\"font-weight: 400;\">www.orsenna.fr<\/span><\/a><span style=\"font-weight: 400;\">.<\/span><\/p>\n","protected":false},"featured_media":39471,"template":"","news-type":[117],"theme":[1012,1014,1024,1025],"class_list":["post-39470","news","type-news","status-publish","has-post-thumbnail","hentry","news-type-communique-de-presse","theme-centreon-business-edition-fr","theme-centreon-it-edition-fr","theme-centreon-msp-edition-fr","theme-centreon-cloud-fr"],"acf":[],"yoast_head":"<!-- This site is optimized with the Yoast SEO plugin v26.6 - https:\/\/yoast.com\/wordpress\/plugins\/seo\/ -->\n<title>Centreon et Orsenna unissent leurs forces \u00e0 SantExpo 2025 - Centreon<\/title>\n<meta name=\"robots\" content=\"index, follow, max-snippet:-1, max-image-preview:large, max-video-preview:-1\" \/>\n<link rel=\"canonical\" href=\"https:\/\/www.centreon.com\/fr\/news\/centreon-et-orsenna-unissent-leurs-forces-a-santexpo-2025\/\" \/>\n<meta property=\"og:locale\" content=\"fr_FR\" \/>\n<meta property=\"og:type\" content=\"article\" \/>\n<meta property=\"og:title\" content=\"Centreon et Orsenna unissent leurs forces \u00e0 SantExpo 2025 - Centreon\" \/>\n<meta property=\"og:description\" content=\"Centreon et Orsenna sont partenaires \u00e0 SantExpo 2025, le rendez-vous incontournable du secteur sant\u00e9,\u00a0 pour renforcer la supervision IT en milieu hospitalier. Paris \u2013\u00a0 le 13 Mai 2025\u00a0\u2013\u00a0Centreon,, partenaire de r\u00e9f\u00e9rence pour la supervision de&nbsp;...\" \/>\n<meta property=\"og:url\" content=\"https:\/\/www.centreon.com\/fr\/news\/centreon-et-orsenna-unissent-leurs-forces-a-santexpo-2025\/\" \/>\n<meta property=\"og:site_name\" content=\"Centreon\" \/>\n<meta property=\"article:publisher\" content=\"https:\/\/www.facebook.com\/CentreonMonitoring\/\" \/>\n<meta property=\"og:image\" content=\"https:\/\/www.centreon.com\/wp-content\/uploads\/2025\/05\/CARD_CP_Centreon_Orsenna_SANTEXPO_2025.jpg\" \/>\n\t<meta property=\"og:image:width\" content=\"1200\" \/>\n\t<meta property=\"og:image:height\" content=\"629\" \/>\n\t<meta property=\"og:image:type\" content=\"image\/jpeg\" \/>\n<meta name=\"twitter:card\" content=\"summary_large_image\" \/>\n<meta name=\"twitter:site\" content=\"@CentreonFR\" \/>\n<meta name=\"twitter:label1\" content=\"Dur\u00e9e de lecture estim\u00e9e\" \/>\n\t<meta name=\"twitter:data1\" content=\"2 minutes\" \/>\n<script type=\"application\/ld+json\" class=\"yoast-schema-graph\">{\"@context\":\"https:\/\/schema.org\",\"@graph\":[{\"@type\":\"WebPage\",\"@id\":\"https:\/\/www.centreon.com\/fr\/news\/centreon-et-orsenna-unissent-leurs-forces-a-santexpo-2025\/\",\"url\":\"https:\/\/www.centreon.com\/fr\/news\/centreon-et-orsenna-unissent-leurs-forces-a-santexpo-2025\/\",\"name\":\"Centreon et Orsenna unissent leurs forces \u00e0 SantExpo 2025 - Centreon\",\"isPartOf\":{\"@id\":\"https:\/\/www.centreon.com\/fr\/#website\"},\"primaryImageOfPage\":{\"@id\":\"https:\/\/www.centreon.com\/fr\/news\/centreon-et-orsenna-unissent-leurs-forces-a-santexpo-2025\/#primaryimage\"},\"image\":{\"@id\":\"https:\/\/www.centreon.com\/fr\/news\/centreon-et-orsenna-unissent-leurs-forces-a-santexpo-2025\/#primaryimage\"},\"thumbnailUrl\":\"https:\/\/www.centreon.com\/uploads\/2025\/05\/CARD_CP_Centreon_Orsenna_SANTEXPO_2025.jpg\",\"datePublished\":\"2025-05-13T08:00:03+00:00\",\"breadcrumb\":{\"@id\":\"https:\/\/www.centreon.com\/fr\/news\/centreon-et-orsenna-unissent-leurs-forces-a-santexpo-2025\/#breadcrumb\"},\"inLanguage\":\"fr-FR\",\"potentialAction\":[{\"@type\":\"ReadAction\",\"target\":[\"https:\/\/www.centreon.com\/fr\/news\/centreon-et-orsenna-unissent-leurs-forces-a-santexpo-2025\/\"]}]},{\"@type\":\"ImageObject\",\"inLanguage\":\"fr-FR\",\"@id\":\"https:\/\/www.centreon.com\/fr\/news\/centreon-et-orsenna-unissent-leurs-forces-a-santexpo-2025\/#primaryimage\",\"url\":\"https:\/\/www.centreon.com\/uploads\/2025\/05\/CARD_CP_Centreon_Orsenna_SANTEXPO_2025.jpg\",\"contentUrl\":\"https:\/\/www.centreon.com\/uploads\/2025\/05\/CARD_CP_Centreon_Orsenna_SANTEXPO_2025.jpg\",\"width\":1200,\"height\":629},{\"@type\":\"BreadcrumbList\",\"@id\":\"https:\/\/www.centreon.com\/fr\/news\/centreon-et-orsenna-unissent-leurs-forces-a-santexpo-2025\/#breadcrumb\",\"itemListElement\":[{\"@type\":\"ListItem\",\"position\":1,\"name\":\"Home\",\"item\":\"https:\/\/www.centreon.com\/fr\/\"},{\"@type\":\"ListItem\",\"position\":2,\"name\":\"Centreon et Orsenna unissent leurs forces \u00e0 SantExpo 2025\"}]},{\"@type\":\"WebSite\",\"@id\":\"https:\/\/www.centreon.com\/fr\/#website\",\"url\":\"https:\/\/www.centreon.com\/fr\/\",\"name\":\"Centreon\",\"description\":\"Just another WordPress site\",\"publisher\":{\"@id\":\"https:\/\/www.centreon.com\/fr\/#organization\"},\"potentialAction\":[{\"@type\":\"SearchAction\",\"target\":{\"@type\":\"EntryPoint\",\"urlTemplate\":\"https:\/\/www.centreon.com\/fr\/?s={search_term_string}\"},\"query-input\":{\"@type\":\"PropertyValueSpecification\",\"valueRequired\":true,\"valueName\":\"search_term_string\"}}],\"inLanguage\":\"fr-FR\"},{\"@type\":\"Organization\",\"@id\":\"https:\/\/www.centreon.com\/fr\/#organization\",\"name\":\"Centreon\",\"url\":\"https:\/\/www.centreon.com\/fr\/\",\"logo\":{\"@type\":\"ImageObject\",\"inLanguage\":\"fr-FR\",\"@id\":\"https:\/\/www.centreon.com\/fr\/#\/schema\/logo\/image\/\",\"url\":\"https:\/\/www.centreon.com\/wp-content\/uploads\/2023\/07\/Logo_Centreon_Email_Signature_light_02.png\",\"contentUrl\":\"https:\/\/www.centreon.com\/wp-content\/uploads\/2023\/07\/Logo_Centreon_Email_Signature_light_02.png\",\"width\":180,\"height\":42,\"caption\":\"Centreon\"},\"image\":{\"@id\":\"https:\/\/www.centreon.com\/fr\/#\/schema\/logo\/image\/\"},\"sameAs\":[\"https:\/\/www.facebook.com\/CentreonMonitoring\/\",\"https:\/\/x.com\/CentreonFR\",\"https:\/\/www.linkedin.com\/company\/centreonsoftware\/\",\"https:\/\/www.youtube.com\/channel\/UCIKJKvZ8acLmEg2fCdDzsvA\",\"https:\/\/fr.wikipedia.org\/wiki\/Centreon\"]}]}<\/script>\n<!-- \/ Yoast SEO plugin. -->","yoast_head_json":{"title":"Centreon et Orsenna unissent leurs forces \u00e0 SantExpo 2025 - Centreon","robots":{"index":"index","follow":"follow","max-snippet":"max-snippet:-1","max-image-preview":"max-image-preview:large","max-video-preview":"max-video-preview:-1"},"canonical":"https:\/\/www.centreon.com\/fr\/news\/centreon-et-orsenna-unissent-leurs-forces-a-santexpo-2025\/","og_locale":"fr_FR","og_type":"article","og_title":"Centreon et Orsenna unissent leurs forces \u00e0 SantExpo 2025 - Centreon","og_description":"Centreon et Orsenna sont partenaires \u00e0 SantExpo 2025, le rendez-vous incontournable du secteur sant\u00e9,\u00a0 pour renforcer la supervision IT en milieu hospitalier. Paris \u2013\u00a0 le 13 Mai 2025\u00a0\u2013\u00a0Centreon,, partenaire de r\u00e9f\u00e9rence pour la supervision de&nbsp;...","og_url":"https:\/\/www.centreon.com\/fr\/news\/centreon-et-orsenna-unissent-leurs-forces-a-santexpo-2025\/","og_site_name":"Centreon","article_publisher":"https:\/\/www.facebook.com\/CentreonMonitoring\/","og_image":[{"width":1200,"height":629,"url":"https:\/\/www.centreon.com\/wp-content\/uploads\/2025\/05\/CARD_CP_Centreon_Orsenna_SANTEXPO_2025.jpg","type":"image\/jpeg"}],"twitter_card":"summary_large_image","twitter_site":"@CentreonFR","twitter_misc":{"Dur\u00e9e de lecture estim\u00e9e":"2 minutes"},"schema":{"@context":"https:\/\/schema.org","@graph":[{"@type":"WebPage","@id":"https:\/\/www.centreon.com\/fr\/news\/centreon-et-orsenna-unissent-leurs-forces-a-santexpo-2025\/","url":"https:\/\/www.centreon.com\/fr\/news\/centreon-et-orsenna-unissent-leurs-forces-a-santexpo-2025\/","name":"Centreon et Orsenna unissent leurs forces \u00e0 SantExpo 2025 - Centreon","isPartOf":{"@id":"https:\/\/www.centreon.com\/fr\/#website"},"primaryImageOfPage":{"@id":"https:\/\/www.centreon.com\/fr\/news\/centreon-et-orsenna-unissent-leurs-forces-a-santexpo-2025\/#primaryimage"},"image":{"@id":"https:\/\/www.centreon.com\/fr\/news\/centreon-et-orsenna-unissent-leurs-forces-a-santexpo-2025\/#primaryimage"},"thumbnailUrl":"https:\/\/www.centreon.com\/uploads\/2025\/05\/CARD_CP_Centreon_Orsenna_SANTEXPO_2025.jpg","datePublished":"2025-05-13T08:00:03+00:00","breadcrumb":{"@id":"https:\/\/www.centreon.com\/fr\/news\/centreon-et-orsenna-unissent-leurs-forces-a-santexpo-2025\/#breadcrumb"},"inLanguage":"fr-FR","potentialAction":[{"@type":"ReadAction","target":["https:\/\/www.centreon.com\/fr\/news\/centreon-et-orsenna-unissent-leurs-forces-a-santexpo-2025\/"]}]},{"@type":"ImageObject","inLanguage":"fr-FR","@id":"https:\/\/www.centreon.com\/fr\/news\/centreon-et-orsenna-unissent-leurs-forces-a-santexpo-2025\/#primaryimage","url":"https:\/\/www.centreon.com\/uploads\/2025\/05\/CARD_CP_Centreon_Orsenna_SANTEXPO_2025.jpg","contentUrl":"https:\/\/www.centreon.com\/uploads\/2025\/05\/CARD_CP_Centreon_Orsenna_SANTEXPO_2025.jpg","width":1200,"height":629},{"@type":"BreadcrumbList","@id":"https:\/\/www.centreon.com\/fr\/news\/centreon-et-orsenna-unissent-leurs-forces-a-santexpo-2025\/#breadcrumb","itemListElement":[{"@type":"ListItem","position":1,"name":"Home","item":"https:\/\/www.centreon.com\/fr\/"},{"@type":"ListItem","position":2,"name":"Centreon et Orsenna unissent leurs forces \u00e0 SantExpo 2025"}]},{"@type":"WebSite","@id":"https:\/\/www.centreon.com\/fr\/#website","url":"https:\/\/www.centreon.com\/fr\/","name":"Centreon","description":"Just another WordPress site","publisher":{"@id":"https:\/\/www.centreon.com\/fr\/#organization"},"potentialAction":[{"@type":"SearchAction","target":{"@type":"EntryPoint","urlTemplate":"https:\/\/www.centreon.com\/fr\/?s={search_term_string}"},"query-input":{"@type":"PropertyValueSpecification","valueRequired":true,"valueName":"search_term_string"}}],"inLanguage":"fr-FR"},{"@type":"Organization","@id":"https:\/\/www.centreon.com\/fr\/#organization","name":"Centreon","url":"https:\/\/www.centreon.com\/fr\/","logo":{"@type":"ImageObject","inLanguage":"fr-FR","@id":"https:\/\/www.centreon.com\/fr\/#\/schema\/logo\/image\/","url":"https:\/\/www.centreon.com\/wp-content\/uploads\/2023\/07\/Logo_Centreon_Email_Signature_light_02.png","contentUrl":"https:\/\/www.centreon.com\/wp-content\/uploads\/2023\/07\/Logo_Centreon_Email_Signature_light_02.png","width":180,"height":42,"caption":"Centreon"},"image":{"@id":"https:\/\/www.centreon.com\/fr\/#\/schema\/logo\/image\/"},"sameAs":["https:\/\/www.facebook.com\/CentreonMonitoring\/","https:\/\/x.com\/CentreonFR","https:\/\/www.linkedin.com\/company\/centreonsoftware\/","https:\/\/www.youtube.com\/channel\/UCIKJKvZ8acLmEg2fCdDzsvA","https:\/\/fr.wikipedia.org\/wiki\/Centreon"]}]}},"_links":{"self":[{"href":"https:\/\/www.centreon.com\/fr\/wp-json\/wp\/v2\/news\/39470","targetHints":{"allow":["GET"]}}],"collection":[{"href":"https:\/\/www.centreon.com\/fr\/wp-json\/wp\/v2\/news"}],"about":[{"href":"https:\/\/www.centreon.com\/fr\/wp-json\/wp\/v2\/types\/news"}],"wp:featuredmedia":[{"embeddable":true,"href":"https:\/\/www.centreon.com\/fr\/wp-json\/wp\/v2\/media\/39471"}],"wp:attachment":[{"href":"https:\/\/www.centreon.com\/fr\/wp-json\/wp\/v2\/media?parent=39470"}],"wp:term":[{"taxonomy":"news-type","embeddable":true,"href":"https:\/\/www.centreon.com\/fr\/wp-json\/wp\/v2\/news-type?post=39470"},{"taxonomy":"theme","embeddable":true,"href":"https:\/\/www.centreon.com\/fr\/wp-json\/wp\/v2\/theme?post=39470"}],"curies":[{"name":"wp","href":"https:\/\/api.w.org\/{rel}","templated":true}]}}