{"id":20283,"date":"2022-11-08T12:15:04","date_gmt":"2022-11-08T11:15:04","guid":{"rendered":"https:\/\/www.centreon.com\/news\/centreon-supervise-la-consommation-energetique-des-serveurs-et-de-lit-dans-son-ensemble\/"},"modified":"2022-11-22T13:56:23","modified_gmt":"2022-11-22T13:56:23","slug":"centreon-supervise-la-consommation-energetique-des-serveurs-et-de-lit-dans-son-ensemble","status":"publish","type":"news","link":"https:\/\/www.centreon.com\/fr\/news\/centreon-supervise-la-consommation-energetique-des-serveurs-et-de-lit-dans-son-ensemble\/","title":{"rendered":"Centreon supervise la consommation \u00e9nerg\u00e9tique des serveurs et de l\u2019IT dans son ensemble"},"content":{"rendered":"<p><em><strong>Engag\u00e9 pour un num\u00e9rique plus responsable, Centreon d\u00e9livre des solutions de supervision incluant des rapports sur la consommation d\u2019\u00e9nergie assortis de recommandations. On estime \u00e0 10% le potentiel d\u2019\u00e9conomie d\u2019\u00e9nergie li\u00e9 \u00e0 l\u2019IT gr\u00e2ce \u00e0 ces nouveaux usages des solutions de l\u2019\u00e9diteur de logiciels, sp\u00e9cialis\u00e9 dans la supervision de la performance digitale.<\/strong><\/em><\/p>\n<p>Paris \u2013 08 Novembre 2022 \u2013 <a href=\"https:\/\/www.centreon.com\/\">Centreon<\/a>, le partenaire de r\u00e9f\u00e9rence pour la supervision de la performance digitale <strong>soutient les entreprises dans leurs efforts de sobri\u00e9t\u00e9 \u00e9nerg\u00e9tique<\/strong> et partage ses recommandations de mesures faciles \u00e0 mettre en \u0153uvre <strong>en encourageant le recours aux fonctionnalit\u00e9s de mesure \u00e9nerg\u00e9tique de l\u2019IT int\u00e9gr\u00e9es dans ses solutions.<\/strong><\/p>\n<p>Les solutions de supervision de Centreon apportent aux DSI une visibilit\u00e9 compl\u00e8te sur l\u2019ensemble de la performance de leur IT <strong>incluant <\/strong><strong>un suivi pr\u00e9cis de la consommation d\u2019\u00e9lectricit\u00e9 des infrastructures<\/strong>, via un reporting aux normes ITIL, permettant ainsi aux entreprises de suivre et d\u2019optimiser l\u2019usage des ressources informatiques.<\/p>\n<p>Sp\u00e9cifiquement, pour all\u00e9ger encore davantage le budget d\u00e9di\u00e9 \u00e0 la supervision et la facture \u00e9nerg\u00e9tique, Centreon recommande \u00e9galement la rationalisation du nombre d\u2019outils de supervision d\u00e9ploy\u00e9s et la modernisation des infrastructures avec une migration vers le cloud.<\/p>\n<p><img fetchpriority=\"low\" loading=\"lazy\" decoding=\"async\" class=\"wp-image-75332 size-medium aligncenter\" src=\"https:\/\/www.centreon.com\/wp-content\/uploads\/2022\/09\/Report-Electricity-FR-238x300.png\" alt=\"\" width=\"238\" height=\"300\" \/><\/p>\n<p style=\"text-align: center;\"><em>Capture d\u2019un rapport de consommation \u00e9nerg\u00e9tique dans les solutions Centreon<\/em><\/p>\n<p><strong>\u00a0<\/strong><strong>Un contexte g\u00e9opolitique et \u00e9nerg\u00e9tique qui met \u00e0 mal la comp\u00e9titivit\u00e9 des entreprises <\/strong><\/p>\n<p>La flamb\u00e9e de la facture \u00e9lectrique, li\u00e9e au conflit russo-ukrainien, met sous tension des milliers d\u2019entreprises<a href=\"#_ftn1\" name=\"_ftnref1\"><sup>[1]<\/sup><\/a> op\u00e9rant dans de nombreux secteurs d\u2019activit\u00e9s, avec une forte incidence sur le tissu industriel. Le co\u00fbt de l\u2019\u00e9nergie pouvant dans certains cas \u00eatre multipli\u00e9 par 5, et atteignant pour certaines entreprises jusqu\u2019\u00e0 22 fois le tarif pay\u00e9 en 2021<a href=\"#_ftn2\" name=\"_ftnref2\"><sup>[2]<\/sup><\/a>.<\/p>\n<p>Face \u00e0 cette situation, le gouvernement a lanc\u00e9 un appel g\u00e9n\u00e9ralis\u00e9 \u00e0 plus de sobri\u00e9t\u00e9 \u00e9nerg\u00e9tique \u00e0 l\u2019attention de tous les secteurs, y compris celui du num\u00e9rique, r\u00e9put\u00e9 \u00e9nergivore. Les services num\u00e9riques en France repr\u00e9sentent environ 10% de l\u2019ensemble de la consommation \u00e9lectrique fran\u00e7aise, soit l\u2019\u00e9quivalent de la consommation annuelle de plus de 8 millions de foyers<a href=\"#_ftn3\" name=\"_ftnref3\"><sup>[3]<\/sup><\/a>.<\/p>\n<p><strong>La consommation d\u2019\u00e9nergie dans le domaine de l\u2019IT doit \u00eatre optimis\u00e9e <\/strong><\/p>\n<p><strong>Les gaspillages d\u2019\u00e9nergie constat\u00e9s en informatique sont li\u00e9s en majorit\u00e9 \u00e0 une mauvaise consommation des \u00e9quipements obsol\u00e8tes ou superflus, ainsi qu\u2019\u00e0 l\u2019allocation ou la redondance excessive des outils et ressources informatiques. Pour exemple, Centreon rappelle que \u00a0\u00bb les entreprises utilisent en moyenne 14 outils de supervision. \u201c<a href=\"#_ftn4\" name=\"_ftnref4\"><sup>[4]<\/sup><\/a><\/strong><\/p>\n<p>Julien Mathis, CEO de Centreon d\u00e9clare \u00ab <em>La situation g\u00e9opolitique impacte directement les entreprises fran\u00e7aises et met \u00e0 mal leur tr\u00e9sorerie avec l\u2019inflation et la mont\u00e9e des co\u00fbts des mati\u00e8res premi\u00e8res. Nos solutions de supervision IT pour la performance digitale des entreprises leur assurent de mesurer et suivre au plus pr\u00e8s la consommation \u00e9nerg\u00e9tique de leurs syst\u00e8mes d\u2019information. Fournir des solutions utiles pour renforcer la comp\u00e9titivit\u00e9 des entreprises est l\u2019une des missions de Centreon. Le lancement de Centreon Cloud, notre solution de supervision IT en mode SaaS, aidera encore davantage d\u2019entreprises \u00e0 renforcer les performances de leurs SI \u00e0 un meilleur co\u00fbt. Nous recommandons aux entreprises de prendre les mesures adapt\u00e9es afin d\u2019optimiser leurs consommations d\u2019\u00e9nergie, notamment au travers d\u2019une utilisation avanc\u00e9e de leur plateforme de supervision IT.<\/em> \u00bb<\/p>\n<p><strong>La plateforme de supervision de Centreon permet notamment d\u2019identifier les serveurs et les ressources sous-utilis\u00e9es, pour une rationalisation de leur utilisation et un meilleur dimensionnement des \u00e9quipements.<\/strong><\/p>\n<p>Centreon s\u2019engage pour un num\u00e9rique responsable, aux c\u00f4t\u00e9s d\u2019autres acteurs du num\u00e9rique au sein de Planet Tech\u2019 Care depuis 2022.<\/p>\n<p>Pour rappel, l\u2019empreinte carbone des services num\u00e9riques en France<a href=\"#_ftn5\" name=\"_ftnref5\"><sup>[5]<\/sup><\/a> atteint 2,5% de l\u2019empreinte carbone de la France \u2013 l\u00e9g\u00e8rement sup\u00e9rieurs \u00e0 l\u2019\u00e9quivalent du secteur des d\u00e9chets en France (2%).<\/p>\n<p><span style=\"color: #0072ce;\"><strong>Conseils de Centreon aux DSI pour r\u00e9duire la consommation d\u2019\u00e9nergie<\/strong><\/span><\/p>\n<ol>\n<li><span style=\"color: #0072ce;\">R\u00e9duire le nombre de solutions de supervision d\u00e9ploy\u00e9es.<\/span><\/li>\n<li><span style=\"color: #0072ce;\">Mettre hors service les \u00e9quipements informatiques qui ne sont plus utilis\u00e9s en les identifiant gr\u00e2ce aux outils de supervision adapt\u00e9s.<\/span><\/li>\n<li><span style=\"color: #0072ce;\">Consolider les syst\u00e8mes afin de maximiser l&rsquo;utilisation de chaque machine ou serveur.<\/span><\/li>\n<li><span style=\"color: #0072ce;\">Ne pas sur-concevoir des syst\u00e8mes tels que les serveurs, les routeurs, les bases de donn\u00e9es, etc.<\/span><\/li>\n<li><span style=\"color: #0072ce;\">Revoir fr\u00e9quemment les exigences en termes de syst\u00e8mes afin d\u2019adapter la capacit\u00e9 aux besoins exacts.<\/span><\/li>\n<li><span style=\"color: #0072ce;\">\u00c9teindre les syst\u00e8mes ou les machines qui n&rsquo;ont pas besoin d&rsquo;\u00eatre allum\u00e9s en permanence, en supervisant leur utilisation avec les outils ad\u00e9quats.<\/span><\/li>\n<li><span style=\"color: #0072ce;\">Abandonner les syst\u00e8mes obsol\u00e8tes et les solutions qui ne favorisent pas les \u00e9conomies d&rsquo;\u00e9nergie.<\/span><\/li>\n<li><span style=\"color: #0072ce;\">Migrer les solutions informatiques vers le Cloud quand c\u2019est appropri\u00e9.<\/span><\/li>\n<\/ol>\n<p><a href=\"#_ftnref1\" name=\"_ftn1\"><sup>[1]<\/sup><\/a> <a href=\"https:\/\/www.lesechos.fr\/industrie-services\/energie-environnement\/crise-energetique-plusieurs-centaines-dentreprises-en-difficulte-cet-hiver-1789173\">Les Echos &#8211; Crise \u00e9nerg\u00e9tique : ces usines fran\u00e7aises qui sont prises \u00e0 la gorge<\/a><br \/>\n<a href=\"#_ftnref2\" name=\"_ftn2\"><sup>[2]<\/sup><\/a> <a href=\"https:\/\/www.lemonde.fr\/economie\/article\/2022\/09\/07\/facture-d-electricite-les-entreprises-redoutent-un-coup-de-massue_6140481_3234.html\">Le Monde &#8211; Facture d\u2019\u00e9lectricit\u00e9 : les entreprises redoutent \u00ab un coup de massue \u00bb<\/a><br \/>\n<a href=\"#_ftnref3\" name=\"_ftn3\"><sup>[3]<\/sup><\/a> <a href=\"https:\/\/presse.ademe.fr\/wp-content\/uploads\/2022\/01\/DP_Numerique-responsable-190122.pdf\">Ademe \u2013 Num\u00e9rique responsable\u00a0: et si nous adoptions les bons r\u00e9flexes<\/a><br \/>\n<a href=\"#_ftnref4\" name=\"_ftn4\"><sup>[4]<\/sup><\/a> <a href=\"https:\/\/www.centreon.com\/barometre-de-la-supervision-it-etats-des-lieux-tendances-et-enjeux-blog\/\">Barom\u00e8tre de la supervision IT 2021-2023<\/a><br \/>\n<a href=\"#_ftnref5\" name=\"_ftn5\"><sup>[5]<\/sup><\/a> <a href=\"https:\/\/presse.ademe.fr\/wp-content\/uploads\/2022\/01\/DP_Numerique-responsable-190122.pdf\">Ademe \u2013 Num\u00e9rique responsable\u00a0: et si nous adoptions les bons r\u00e9flexes<\/a><\/p>\n<p>Pour allez plus loin : <a href=\"https:\/\/www.centreon.com\/blog\/economies-denergie-des-tips-pour-les-itops\/\" target=\"_blank\" rel=\"noopener\">\u00e9conomies d&rsquo;\u00e9nergie, des tips pour les ITOps<\/a><\/p>\n<p><strong>***<\/strong><\/p>\n<p><strong>\u00c0 propos de Centreon<\/strong><\/p>\n<p>Centreon d\u00e9livre une plateforme logicielle de supervision informatique centr\u00e9e m\u00e9tiers pour l\u2019excellence op\u00e9rationnelle des SI. Compl\u00e8te et int\u00e9grant les derni\u00e8res avanc\u00e9es de l\u2019intelligence artificielle pr\u00e9dictive, elle est con\u00e7ue pour les infrastructures complexes actuelles, distribu\u00e9es, Multi-Cloud. \u00c9diteur ind\u00e9pendant, l\u2019entreprise est n\u00e9e en 2005 sur la base d\u2019un socle logiciel open source qu\u2019elle continue de d\u00e9velopper. Aujourd\u2019hui des entreprises de toutes tailles op\u00e9rant dans tous les secteurs font confiance \u00e0 Centreon. Ses si\u00e8ges sociaux sont \u00e0 Paris et Toronto avec des bureaux \u00e0 Gen\u00e8ve, Milan, Luxembourg et Toulouse. Plus d\u2019informations sur <a href=\"https:\/\/www.centreon.com\/\">www.centreon.com<\/a><\/p>\n","protected":false},"featured_media":20284,"template":"","news-type":[117],"theme":[],"class_list":["post-20283","news","type-news","status-publish","has-post-thumbnail","hentry","news-type-communique-de-presse"],"acf":[],"yoast_head":"<!-- This site is optimized with the Yoast SEO plugin v26.6 - https:\/\/yoast.com\/wordpress\/plugins\/seo\/ -->\n<title>Centreon supervise la consommation \u00e9nerg\u00e9tique des serveurs et de l\u2019IT dans son ensemble - Centreon<\/title>\n<meta name=\"robots\" content=\"index, follow, max-snippet:-1, max-image-preview:large, max-video-preview:-1\" \/>\n<link rel=\"canonical\" href=\"https:\/\/www.centreon.com\/fr\/news\/centreon-supervise-la-consommation-energetique-des-serveurs-et-de-lit-dans-son-ensemble\/\" \/>\n<meta property=\"og:locale\" content=\"fr_FR\" \/>\n<meta property=\"og:type\" content=\"article\" \/>\n<meta property=\"og:title\" content=\"Centreon supervise la consommation \u00e9nerg\u00e9tique des serveurs et de l\u2019IT dans son ensemble - Centreon\" \/>\n<meta property=\"og:description\" content=\"Engag\u00e9 pour un num\u00e9rique plus responsable, Centreon d\u00e9livre des solutions de supervision incluant des rapports sur la consommation d\u2019\u00e9nergie assortis de recommandations. On estime \u00e0 10% le potentiel d\u2019\u00e9conomie d\u2019\u00e9nergie li\u00e9 \u00e0 l\u2019IT gr\u00e2ce \u00e0&nbsp;...\" \/>\n<meta property=\"og:url\" content=\"https:\/\/www.centreon.com\/fr\/news\/centreon-supervise-la-consommation-energetique-des-serveurs-et-de-lit-dans-son-ensemble\/\" \/>\n<meta property=\"og:site_name\" content=\"Centreon\" \/>\n<meta property=\"article:publisher\" content=\"https:\/\/www.facebook.com\/CentreonMonitoring\/\" \/>\n<meta property=\"article:modified_time\" content=\"2022-11-22T13:56:23+00:00\" \/>\n<meta property=\"og:image\" content=\"https:\/\/www.centreon.com\/wp-content\/uploads\/2022\/11\/Centreon_supervise_la_consommation_energetique_de_l_IT.jpg\" \/>\n\t<meta property=\"og:image:width\" content=\"1368\" \/>\n\t<meta property=\"og:image:height\" content=\"854\" \/>\n\t<meta property=\"og:image:type\" content=\"image\/jpeg\" \/>\n<meta name=\"twitter:card\" content=\"summary_large_image\" \/>\n<meta name=\"twitter:site\" content=\"@CentreonFR\" \/>\n<meta name=\"twitter:label1\" content=\"Dur\u00e9e de lecture estim\u00e9e\" \/>\n\t<meta name=\"twitter:data1\" content=\"5 minutes\" \/>\n<script type=\"application\/ld+json\" class=\"yoast-schema-graph\">{\"@context\":\"https:\/\/schema.org\",\"@graph\":[{\"@type\":\"WebPage\",\"@id\":\"https:\/\/www.centreon.com\/fr\/news\/centreon-supervise-la-consommation-energetique-des-serveurs-et-de-lit-dans-son-ensemble\/\",\"url\":\"https:\/\/www.centreon.com\/fr\/news\/centreon-supervise-la-consommation-energetique-des-serveurs-et-de-lit-dans-son-ensemble\/\",\"name\":\"Centreon supervise la consommation \u00e9nerg\u00e9tique des serveurs et de l\u2019IT dans son ensemble - Centreon\",\"isPartOf\":{\"@id\":\"https:\/\/www.centreon.com\/fr\/#website\"},\"primaryImageOfPage\":{\"@id\":\"https:\/\/www.centreon.com\/fr\/news\/centreon-supervise-la-consommation-energetique-des-serveurs-et-de-lit-dans-son-ensemble\/#primaryimage\"},\"image\":{\"@id\":\"https:\/\/www.centreon.com\/fr\/news\/centreon-supervise-la-consommation-energetique-des-serveurs-et-de-lit-dans-son-ensemble\/#primaryimage\"},\"thumbnailUrl\":\"https:\/\/www.centreon.com\/uploads\/2022\/11\/Centreon_supervise_la_consommation_energetique_de_l_IT.jpg\",\"datePublished\":\"2022-11-08T11:15:04+00:00\",\"dateModified\":\"2022-11-22T13:56:23+00:00\",\"breadcrumb\":{\"@id\":\"https:\/\/www.centreon.com\/fr\/news\/centreon-supervise-la-consommation-energetique-des-serveurs-et-de-lit-dans-son-ensemble\/#breadcrumb\"},\"inLanguage\":\"fr-FR\",\"potentialAction\":[{\"@type\":\"ReadAction\",\"target\":[\"https:\/\/www.centreon.com\/fr\/news\/centreon-supervise-la-consommation-energetique-des-serveurs-et-de-lit-dans-son-ensemble\/\"]}]},{\"@type\":\"ImageObject\",\"inLanguage\":\"fr-FR\",\"@id\":\"https:\/\/www.centreon.com\/fr\/news\/centreon-supervise-la-consommation-energetique-des-serveurs-et-de-lit-dans-son-ensemble\/#primaryimage\",\"url\":\"https:\/\/www.centreon.com\/uploads\/2022\/11\/Centreon_supervise_la_consommation_energetique_de_l_IT.jpg\",\"contentUrl\":\"https:\/\/www.centreon.com\/uploads\/2022\/11\/Centreon_supervise_la_consommation_energetique_de_l_IT.jpg\",\"width\":1368,\"height\":854},{\"@type\":\"BreadcrumbList\",\"@id\":\"https:\/\/www.centreon.com\/fr\/news\/centreon-supervise-la-consommation-energetique-des-serveurs-et-de-lit-dans-son-ensemble\/#breadcrumb\",\"itemListElement\":[{\"@type\":\"ListItem\",\"position\":1,\"name\":\"Home\",\"item\":\"https:\/\/www.centreon.com\/fr\/\"},{\"@type\":\"ListItem\",\"position\":2,\"name\":\"Centreon supervise la consommation \u00e9nerg\u00e9tique des serveurs et de l\u2019IT dans son ensemble\"}]},{\"@type\":\"WebSite\",\"@id\":\"https:\/\/www.centreon.com\/fr\/#website\",\"url\":\"https:\/\/www.centreon.com\/fr\/\",\"name\":\"Centreon\",\"description\":\"Just another WordPress site\",\"publisher\":{\"@id\":\"https:\/\/www.centreon.com\/fr\/#organization\"},\"potentialAction\":[{\"@type\":\"SearchAction\",\"target\":{\"@type\":\"EntryPoint\",\"urlTemplate\":\"https:\/\/www.centreon.com\/fr\/?s={search_term_string}\"},\"query-input\":{\"@type\":\"PropertyValueSpecification\",\"valueRequired\":true,\"valueName\":\"search_term_string\"}}],\"inLanguage\":\"fr-FR\"},{\"@type\":\"Organization\",\"@id\":\"https:\/\/www.centreon.com\/fr\/#organization\",\"name\":\"Centreon\",\"url\":\"https:\/\/www.centreon.com\/fr\/\",\"logo\":{\"@type\":\"ImageObject\",\"inLanguage\":\"fr-FR\",\"@id\":\"https:\/\/www.centreon.com\/fr\/#\/schema\/logo\/image\/\",\"url\":\"https:\/\/www.centreon.com\/wp-content\/uploads\/2023\/07\/Logo_Centreon_Email_Signature_light_02.png\",\"contentUrl\":\"https:\/\/www.centreon.com\/wp-content\/uploads\/2023\/07\/Logo_Centreon_Email_Signature_light_02.png\",\"width\":180,\"height\":42,\"caption\":\"Centreon\"},\"image\":{\"@id\":\"https:\/\/www.centreon.com\/fr\/#\/schema\/logo\/image\/\"},\"sameAs\":[\"https:\/\/www.facebook.com\/CentreonMonitoring\/\",\"https:\/\/x.com\/CentreonFR\",\"https:\/\/www.linkedin.com\/company\/centreonsoftware\/\",\"https:\/\/www.youtube.com\/channel\/UCIKJKvZ8acLmEg2fCdDzsvA\",\"https:\/\/fr.wikipedia.org\/wiki\/Centreon\"]}]}<\/script>\n<!-- \/ Yoast SEO plugin. -->","yoast_head_json":{"title":"Centreon supervise la consommation \u00e9nerg\u00e9tique des serveurs et de l\u2019IT dans son ensemble - Centreon","robots":{"index":"index","follow":"follow","max-snippet":"max-snippet:-1","max-image-preview":"max-image-preview:large","max-video-preview":"max-video-preview:-1"},"canonical":"https:\/\/www.centreon.com\/fr\/news\/centreon-supervise-la-consommation-energetique-des-serveurs-et-de-lit-dans-son-ensemble\/","og_locale":"fr_FR","og_type":"article","og_title":"Centreon supervise la consommation \u00e9nerg\u00e9tique des serveurs et de l\u2019IT dans son ensemble - Centreon","og_description":"Engag\u00e9 pour un num\u00e9rique plus responsable, Centreon d\u00e9livre des solutions de supervision incluant des rapports sur la consommation d\u2019\u00e9nergie assortis de recommandations. On estime \u00e0 10% le potentiel d\u2019\u00e9conomie d\u2019\u00e9nergie li\u00e9 \u00e0 l\u2019IT gr\u00e2ce \u00e0&nbsp;...","og_url":"https:\/\/www.centreon.com\/fr\/news\/centreon-supervise-la-consommation-energetique-des-serveurs-et-de-lit-dans-son-ensemble\/","og_site_name":"Centreon","article_publisher":"https:\/\/www.facebook.com\/CentreonMonitoring\/","article_modified_time":"2022-11-22T13:56:23+00:00","og_image":[{"width":1368,"height":854,"url":"https:\/\/www.centreon.com\/wp-content\/uploads\/2022\/11\/Centreon_supervise_la_consommation_energetique_de_l_IT.jpg","type":"image\/jpeg"}],"twitter_card":"summary_large_image","twitter_site":"@CentreonFR","twitter_misc":{"Dur\u00e9e de lecture estim\u00e9e":"5 minutes"},"schema":{"@context":"https:\/\/schema.org","@graph":[{"@type":"WebPage","@id":"https:\/\/www.centreon.com\/fr\/news\/centreon-supervise-la-consommation-energetique-des-serveurs-et-de-lit-dans-son-ensemble\/","url":"https:\/\/www.centreon.com\/fr\/news\/centreon-supervise-la-consommation-energetique-des-serveurs-et-de-lit-dans-son-ensemble\/","name":"Centreon supervise la consommation \u00e9nerg\u00e9tique des serveurs et de l\u2019IT dans son ensemble - Centreon","isPartOf":{"@id":"https:\/\/www.centreon.com\/fr\/#website"},"primaryImageOfPage":{"@id":"https:\/\/www.centreon.com\/fr\/news\/centreon-supervise-la-consommation-energetique-des-serveurs-et-de-lit-dans-son-ensemble\/#primaryimage"},"image":{"@id":"https:\/\/www.centreon.com\/fr\/news\/centreon-supervise-la-consommation-energetique-des-serveurs-et-de-lit-dans-son-ensemble\/#primaryimage"},"thumbnailUrl":"https:\/\/www.centreon.com\/uploads\/2022\/11\/Centreon_supervise_la_consommation_energetique_de_l_IT.jpg","datePublished":"2022-11-08T11:15:04+00:00","dateModified":"2022-11-22T13:56:23+00:00","breadcrumb":{"@id":"https:\/\/www.centreon.com\/fr\/news\/centreon-supervise-la-consommation-energetique-des-serveurs-et-de-lit-dans-son-ensemble\/#breadcrumb"},"inLanguage":"fr-FR","potentialAction":[{"@type":"ReadAction","target":["https:\/\/www.centreon.com\/fr\/news\/centreon-supervise-la-consommation-energetique-des-serveurs-et-de-lit-dans-son-ensemble\/"]}]},{"@type":"ImageObject","inLanguage":"fr-FR","@id":"https:\/\/www.centreon.com\/fr\/news\/centreon-supervise-la-consommation-energetique-des-serveurs-et-de-lit-dans-son-ensemble\/#primaryimage","url":"https:\/\/www.centreon.com\/uploads\/2022\/11\/Centreon_supervise_la_consommation_energetique_de_l_IT.jpg","contentUrl":"https:\/\/www.centreon.com\/uploads\/2022\/11\/Centreon_supervise_la_consommation_energetique_de_l_IT.jpg","width":1368,"height":854},{"@type":"BreadcrumbList","@id":"https:\/\/www.centreon.com\/fr\/news\/centreon-supervise-la-consommation-energetique-des-serveurs-et-de-lit-dans-son-ensemble\/#breadcrumb","itemListElement":[{"@type":"ListItem","position":1,"name":"Home","item":"https:\/\/www.centreon.com\/fr\/"},{"@type":"ListItem","position":2,"name":"Centreon supervise la consommation \u00e9nerg\u00e9tique des serveurs et de l\u2019IT dans son ensemble"}]},{"@type":"WebSite","@id":"https:\/\/www.centreon.com\/fr\/#website","url":"https:\/\/www.centreon.com\/fr\/","name":"Centreon","description":"Just another WordPress site","publisher":{"@id":"https:\/\/www.centreon.com\/fr\/#organization"},"potentialAction":[{"@type":"SearchAction","target":{"@type":"EntryPoint","urlTemplate":"https:\/\/www.centreon.com\/fr\/?s={search_term_string}"},"query-input":{"@type":"PropertyValueSpecification","valueRequired":true,"valueName":"search_term_string"}}],"inLanguage":"fr-FR"},{"@type":"Organization","@id":"https:\/\/www.centreon.com\/fr\/#organization","name":"Centreon","url":"https:\/\/www.centreon.com\/fr\/","logo":{"@type":"ImageObject","inLanguage":"fr-FR","@id":"https:\/\/www.centreon.com\/fr\/#\/schema\/logo\/image\/","url":"https:\/\/www.centreon.com\/wp-content\/uploads\/2023\/07\/Logo_Centreon_Email_Signature_light_02.png","contentUrl":"https:\/\/www.centreon.com\/wp-content\/uploads\/2023\/07\/Logo_Centreon_Email_Signature_light_02.png","width":180,"height":42,"caption":"Centreon"},"image":{"@id":"https:\/\/www.centreon.com\/fr\/#\/schema\/logo\/image\/"},"sameAs":["https:\/\/www.facebook.com\/CentreonMonitoring\/","https:\/\/x.com\/CentreonFR","https:\/\/www.linkedin.com\/company\/centreonsoftware\/","https:\/\/www.youtube.com\/channel\/UCIKJKvZ8acLmEg2fCdDzsvA","https:\/\/fr.wikipedia.org\/wiki\/Centreon"]}]}},"_links":{"self":[{"href":"https:\/\/www.centreon.com\/fr\/wp-json\/wp\/v2\/news\/20283","targetHints":{"allow":["GET"]}}],"collection":[{"href":"https:\/\/www.centreon.com\/fr\/wp-json\/wp\/v2\/news"}],"about":[{"href":"https:\/\/www.centreon.com\/fr\/wp-json\/wp\/v2\/types\/news"}],"wp:featuredmedia":[{"embeddable":true,"href":"https:\/\/www.centreon.com\/fr\/wp-json\/wp\/v2\/media\/20284"}],"wp:attachment":[{"href":"https:\/\/www.centreon.com\/fr\/wp-json\/wp\/v2\/media?parent=20283"}],"wp:term":[{"taxonomy":"news-type","embeddable":true,"href":"https:\/\/www.centreon.com\/fr\/wp-json\/wp\/v2\/news-type?post=20283"},{"taxonomy":"theme","embeddable":true,"href":"https:\/\/www.centreon.com\/fr\/wp-json\/wp\/v2\/theme?post=20283"}],"curies":[{"name":"wp","href":"https:\/\/api.w.org\/{rel}","templated":true}]}}